{"id":2115,"date":"2025-04-07T15:57:47","date_gmt":"2025-04-07T13:57:47","guid":{"rendered":"https:\/\/feuerwehr-muessen.de\/?p=2115"},"modified":"2025-04-07T15:58:31","modified_gmt":"2025-04-07T13:58:31","slug":"2115","status":"publish","type":"post","link":"https:\/\/feuerwehr-muessen.de\/index.php\/2025\/04\/07\/2115\/","title":{"rendered":"Traditionelles Osterfeuer der Feuerwehr M\u00fcssen \u2013 Gemeinsam feiern am Ostersamstag"},"content":{"rendered":"<p class=\"\" data-start=\"207\" data-end=\"490\"><a href=\"https:\/\/feuerwehr-muessen.de\/wp-content\/uploads\/2024\/03\/Osterfeuer-2024.jpeg\"><img loading=\"lazy\" decoding=\"async\" class=\" wp-image-2043 alignright\" src=\"https:\/\/feuerwehr-muessen.de\/wp-content\/uploads\/2024\/03\/Osterfeuer-2024-718x1024.jpeg\" alt=\"\" width=\"309\" height=\"441\" srcset=\"https:\/\/feuerwehr-muessen.de\/wp-content\/uploads\/2024\/03\/Osterfeuer-2024-718x1024.jpeg 718w, https:\/\/feuerwehr-muessen.de\/wp-content\/uploads\/2024\/03\/Osterfeuer-2024-316x450.jpeg 316w, https:\/\/feuerwehr-muessen.de\/wp-content\/uploads\/2024\/03\/Osterfeuer-2024-1077x1536.jpeg 1077w, https:\/\/feuerwehr-muessen.de\/wp-content\/uploads\/2024\/03\/Osterfeuer-2024.jpeg 1122w\" sizes=\"auto, (max-width: 309px) 100vw, 309px\" \/><\/a>Am Ostersamstag, den 19.04.2025, l\u00e4dt die Feuerwehr M\u00fcssen wieder herzlich zum traditionellen Osterfeuer ein. Ab 18:00 Uhr wird auf dem Gel\u00e4nde des Freizeitlands M\u00fcssen das Feuer entfacht \u2013 ein stimmungsvoller Treffpunkt f\u00fcr Jung und Alt, um gemeinsam den Fr\u00fchling zu begr\u00fc\u00dfen.<\/p>\n<p class=\"\" data-start=\"492\" data-end=\"819\">Wie in jedem Jahr sind alle M\u00fcssenerinnen und M\u00fcssener, Nachbarn, Freunde und G\u00e4ste aus der Umgebung herzlich willkommen, einen geselligen Abend in gem\u00fctlicher Atmosph\u00e4re zu verbringen. F\u00fcr das leibliche Wohl ist selbstverst\u00e4ndlich gesorgt: Es gibt k\u00fchle Getr\u00e4nke, leckere W\u00fcrstchen vom Grill und weitere kleine K\u00f6stlichkeiten.<\/p>\n<p class=\"\" data-start=\"821\" data-end=\"1115\">Das Osterfeuer ist nicht nur eine sch\u00f6ne Tradition, sondern auch eine Gelegenheit, miteinander ins Gespr\u00e4ch zu kommen, neue Bekanntschaften zu kn\u00fcpfen und den Abend in der Gemeinschaft zu genie\u00dfen \u2013 ganz nach dem Motto: <strong data-start=\"1041\" data-end=\"1115\">\u201eFeuerwehr M\u00fcssen \u2013 f\u00fcr Euch im Einsatz, auch au\u00dferhalb des Notfalls.\u201c<\/strong><\/p>\n<p class=\"\" data-start=\"1117\" data-end=\"1277\">Die Freiwillige Feuerwehr M\u00fcssen freut sich auf zahlreiche Besucher und einen gelungenen Abend bei knisterndem Feuer, guter Stimmung und bestem Fr\u00fchlingswetter!<\/p>\n<p class=\"\" data-start=\"1279\" data-end=\"1425\"><strong data-start=\"1279\" data-end=\"1291\">Hinweis:<\/strong> Bitte denkt daran, das Veranstaltungsgel\u00e4nde nicht mit Fahrzeugen zu blockieren und auf die Hinweise der Feuerwehr vor Ort zu achten.<\/p>\n","protected":false},"excerpt":{"rendered":"<p>Am Ostersamstag, den 19.04.2025, l\u00e4dt die Feuerwehr M\u00fcssen wieder herzlich zum traditionellen Osterfeuer ein. Ab 18:00 Uhr wird auf dem Gel\u00e4nde des Freizeitlands M\u00fcssen das Feuer entfacht \u2013 ein stimmungsvoller Treffpunkt f\u00fcr Jung und Alt, um gemeinsam den Fr\u00fchling zu begr\u00fc\u00dfen. Wie in jedem Jahr sind alle M\u00fcssenerinnen und M\u00fcssener, Nachbarn, Freunde und G\u00e4ste aus &hellip; <a href=\"https:\/\/feuerwehr-muessen.de\/index.php\/2025\/04\/07\/2115\/\" class=\"more-link\"><span class=\"screen-reader-text\">Traditionelles Osterfeuer der Feuerwehr M\u00fcssen \u2013 Gemeinsam feiern am Ostersamstag<\/span> weiterlesen <span class=\"meta-nav\">&rarr;<\/span><\/a><\/p>\n","protected":false},"author":5,"featured_media":0,"comment_status":"closed","ping_status":"closed","sticky":false,"template":"","format":"standard","meta":{"ngg_post_thumbnail":0,"footnotes":""},"categories":[4],"tags":[],"class_list":["post-2115","post","type-post","status-publish","format-standard","hentry","category-aktuelles"],"_links":{"self":[{"href":"https:\/\/feuerwehr-muessen.de\/index.php\/wp-json\/wp\/v2\/posts\/2115","targetHints":{"allow":["GET"]}}],"collection":[{"href":"https:\/\/feuerwehr-muessen.de\/index.php\/wp-json\/wp\/v2\/posts"}],"about":[{"href":"https:\/\/feuerwehr-muessen.de\/index.php\/wp-json\/wp\/v2\/types\/post"}],"author":[{"embeddable":true,"href":"https:\/\/feuerwehr-muessen.de\/index.php\/wp-json\/wp\/v2\/users\/5"}],"replies":[{"embeddable":true,"href":"https:\/\/feuerwehr-muessen.de\/index.php\/wp-json\/wp\/v2\/comments?post=2115"}],"version-history":[{"count":3,"href":"https:\/\/feuerwehr-muessen.de\/index.php\/wp-json\/wp\/v2\/posts\/2115\/revisions"}],"predecessor-version":[{"id":2118,"href":"https:\/\/feuerwehr-muessen.de\/index.php\/wp-json\/wp\/v2\/posts\/2115\/revisions\/2118"}],"wp:attachment":[{"href":"https:\/\/feuerwehr-muessen.de\/index.php\/wp-json\/wp\/v2\/media?parent=2115"}],"wp:term":[{"taxonomy":"category","embeddable":true,"href":"https:\/\/feuerwehr-muessen.de\/index.php\/wp-json\/wp\/v2\/categories?post=2115"},{"taxonomy":"post_tag","embeddable":true,"href":"https:\/\/feuerwehr-muessen.de\/index.php\/wp-json\/wp\/v2\/tags?post=2115"}],"curies":[{"name":"wp","href":"https:\/\/api.w.org\/{rel}","templated":true}]}}