{"id":2109,"date":"2025-01-25T17:06:27","date_gmt":"2025-01-25T16:06:27","guid":{"rendered":"https:\/\/feuerwehr-muessen.de\/?p=2109"},"modified":"2025-02-15T17:32:24","modified_gmt":"2025-02-15T16:32:24","slug":"jahreshauptversammlung-der-freiwilligen-feuerwehr-muessen-2025","status":"publish","type":"post","link":"https:\/\/feuerwehr-muessen.de\/index.php\/2025\/01\/25\/jahreshauptversammlung-der-freiwilligen-feuerwehr-muessen-2025\/","title":{"rendered":"Jahreshauptversammlung der Freiwilligen Feuerwehr M\u00fcssen 2025"},"content":{"rendered":"<p>Am 24. Januar 2025 fand die Jahreshauptversammlung der Freiwilligen Feuerwehr M\u00fcssen im Feuerwehrhaus statt. Neben den Kameradinnen und Kameraden der Wehr nahmen auch der B\u00fcrgermeister der Gemeinde M\u00fcssen, Vertreter der umliegenden Feuerwehren, der Amtswehrf\u00fchrung und des Kreisfeuerwehrverbands, &nbsp;sowie der F\u00f6rderverein der Feuerwehr an der Versammlung teil.<\/p>\n<p>Ein wichtiger Punkt auf der Tagesordnung war die Aufnahme neuer Mitglieder. Einstimmig in die Feuerwehr aufgenommen wurden Josephine Lohf, Robert Keller und Martin Krey. Zudem berichteten der Wehrf\u00fchrer und die Fachbereiche \u00fcber das vergangene Jahr.<\/p>\n<p>Bei der Wahl der Gemeindewehrf\u00fchrung wurde Ingwer Paulsen mit nur einer Gegenstimme erneut im Amt best\u00e4tigt. Nach beeindruckenden 34 Jahren als Kassenwart stellte sich Thomas Schmidt nicht mehr zur Wiederwahl. Sein Nachfolger wird Manuel Driesner, der mit einer Enthaltung gew\u00e4hlt wurde. Die neu aufgenommene Josephine Lohf \u00fcbernimmt zudem gleich ihr erstes Amt als Kassenpr\u00fcferin.<\/p>\n<p>Im Rahmen der Veranstaltung wurden mehrere Bef\u00f6rderungen ausgesprochen:<\/p>\n<ul>\n<li>Paul Bade, Tobias Tomschi und Bastian Rehfeld zum Oberfeuerwehrmann<\/li>\n<li>Stefan Haeselich und Marten Paulsen zum Hauptfeuerwehrmann<\/li>\n<\/ul>\n<p>Auch langj\u00e4hrige Mitglieder wurden f\u00fcr ihren Einsatz geehrt:<\/p>\n<ul>\n<li>Henrik Diestel f\u00fcr 10 Jahre aktiven Dienst<\/li>\n<li>Karl-Heinz Webersen f\u00fcr herausragende 60 Jahre Mitgliedschaft<\/li>\n<li>Detlef Flint erhielt das Brandschutz-Ehrenzeichen am Bande in Silber f\u00fcr 25 Jahre engagierten Dienst<\/li>\n<\/ul>\n<figure id=\"attachment_2111\" aria-describedby=\"caption-attachment-2111\" style=\"width: 604px\" class=\"wp-caption aligncenter\"><a href=\"https:\/\/feuerwehr-muessen.de\/wp-content\/uploads\/2025\/01\/Gruppenfoto.png\"><img loading=\"lazy\" decoding=\"async\" class=\"size-large wp-image-2111\" src=\"https:\/\/feuerwehr-muessen.de\/wp-content\/uploads\/2025\/01\/Gruppenfoto-1024x461.png\" alt=\"Gruppenfoto der aufgenommenen, gew\u00e4hlten, bef\u00f6rderten und geehrten Kameradinnen und Kameraden bei der Jahreshauptversammlung 2025\" width=\"604\" height=\"272\" srcset=\"https:\/\/feuerwehr-muessen.de\/wp-content\/uploads\/2025\/01\/Gruppenfoto-1024x461.png 1024w, https:\/\/feuerwehr-muessen.de\/wp-content\/uploads\/2025\/01\/Gruppenfoto-450x203.png 450w, https:\/\/feuerwehr-muessen.de\/wp-content\/uploads\/2025\/01\/Gruppenfoto.png 1300w\" sizes=\"auto, (max-width: 604px) 100vw, 604px\" \/><\/a><figcaption id=\"caption-attachment-2111\" class=\"wp-caption-text\">Gruppenfoto der aufgenommenen, gew\u00e4hlten, bef\u00f6rderten und geehrten Kameradinnen und Kameraden<\/figcaption><\/figure>\n","protected":false},"excerpt":{"rendered":"<p>Am 24. Januar 2025 fand die Jahreshauptversammlung der Freiwilligen Feuerwehr M\u00fcssen im Feuerwehrhaus statt. Neben den Kameradinnen und Kameraden der Wehr nahmen auch der B\u00fcrgermeister der Gemeinde M\u00fcssen, Vertreter der umliegenden Feuerwehren, der Amtswehrf\u00fchrung und des Kreisfeuerwehrverbands, &nbsp;sowie der F\u00f6rderverein der Feuerwehr an der Versammlung teil. Ein wichtiger Punkt auf der Tagesordnung war die Aufnahme &hellip; <a href=\"https:\/\/feuerwehr-muessen.de\/index.php\/2025\/01\/25\/jahreshauptversammlung-der-freiwilligen-feuerwehr-muessen-2025\/\" class=\"more-link\"><span class=\"screen-reader-text\">Jahreshauptversammlung der Freiwilligen Feuerwehr M\u00fcssen 2025<\/span> weiterlesen <span class=\"meta-nav\">&rarr;<\/span><\/a><\/p>\n","protected":false},"author":5,"featured_media":0,"comment_status":"closed","ping_status":"closed","sticky":false,"template":"","format":"standard","meta":{"ngg_post_thumbnail":0,"footnotes":""},"categories":[4],"tags":[],"class_list":["post-2109","post","type-post","status-publish","format-standard","hentry","category-aktuelles"],"_links":{"self":[{"href":"https:\/\/feuerwehr-muessen.de\/index.php\/wp-json\/wp\/v2\/posts\/2109","targetHints":{"allow":["GET"]}}],"collection":[{"href":"https:\/\/feuerwehr-muessen.de\/index.php\/wp-json\/wp\/v2\/posts"}],"about":[{"href":"https:\/\/feuerwehr-muessen.de\/index.php\/wp-json\/wp\/v2\/types\/post"}],"author":[{"embeddable":true,"href":"https:\/\/feuerwehr-muessen.de\/index.php\/wp-json\/wp\/v2\/users\/5"}],"replies":[{"embeddable":true,"href":"https:\/\/feuerwehr-muessen.de\/index.php\/wp-json\/wp\/v2\/comments?post=2109"}],"version-history":[{"count":2,"href":"https:\/\/feuerwehr-muessen.de\/index.php\/wp-json\/wp\/v2\/posts\/2109\/revisions"}],"predecessor-version":[{"id":2112,"href":"https:\/\/feuerwehr-muessen.de\/index.php\/wp-json\/wp\/v2\/posts\/2109\/revisions\/2112"}],"wp:attachment":[{"href":"https:\/\/feuerwehr-muessen.de\/index.php\/wp-json\/wp\/v2\/media?parent=2109"}],"wp:term":[{"taxonomy":"category","embeddable":true,"href":"https:\/\/feuerwehr-muessen.de\/index.php\/wp-json\/wp\/v2\/categories?post=2109"},{"taxonomy":"post_tag","embeddable":true,"href":"https:\/\/feuerwehr-muessen.de\/index.php\/wp-json\/wp\/v2\/tags?post=2109"}],"curies":[{"name":"wp","href":"https:\/\/api.w.org\/{rel}","templated":true}]}}