{"id":2084,"date":"2024-09-09T20:53:08","date_gmt":"2024-09-09T18:53:08","guid":{"rendered":"https:\/\/feuerwehr-muessen.de\/?p=2084"},"modified":"2024-09-14T20:54:36","modified_gmt":"2024-09-14T18:54:36","slug":"feuerwehr-muessen-und-gemeindevertretung-enttaeuscht-ueber-den-stopp-der-foerderungen-fuer-feuerwehrhaeuser","status":"publish","type":"post","link":"https:\/\/feuerwehr-muessen.de\/index.php\/2024\/09\/09\/feuerwehr-muessen-und-gemeindevertretung-enttaeuscht-ueber-den-stopp-der-foerderungen-fuer-feuerwehrhaeuser\/","title":{"rendered":"Feuerwehr M\u00fcssen und Gemeindevertretung entt\u00e4uscht \u00fcber den Stopp der F\u00f6rderungen f\u00fcr Feuerwehrh\u00e4user"},"content":{"rendered":"<p>In einem Artikel des Wochenend Anzeigers vom 07.09.2024 wurde \u00fcber den Stopp der F\u00f6rderungen f\u00fcr Feuerwehrh\u00e4user berichtet. Diese Entscheidung trifft die Feuerwehr M\u00fcssen und die Gemeindevertretung hart, da der Bedarf f\u00fcr ein neues Feuerwehrhaus dringend ist. Das aktuelle Geb\u00e4ude in M\u00fcssen erf\u00fcllt nicht mehr die notwendigen Anforderungen. Es fehlen unter anderem eine Schwarz-Wei\u00df-Trennung, ausreichende Umkleide- und Sanit\u00e4reinrichtungen sowie eine geeignete Fahrzeughalle f\u00fcr ein zuk\u00fcnftiges gr\u00f6\u00dferes Einsatzfahrzeug. <\/p>\n<p>Wehrf\u00fchrer Ingwer Paulsen und Gemeindevertreter Thomas Schmidt machen deutlich, dass ein Neubau unvermeidlich ist. Die gesch\u00e4tzten Kosten von 2,6 Millionen Euro sind eine gro\u00dfe Herausforderung f\u00fcr die Gemeinde, insbesondere angesichts der angespannten Haushaltslage. Jede Unterst\u00fctzung w\u00e4re daher von gro\u00dfer Bedeutung.<\/p>\n<p>Die Entscheidung des Landes, die F\u00f6rderungen einzustellen, st\u00f6\u00dft auf gro\u00dfes Unverst\u00e4ndnis. Trotz steigender Anforderungen und Kosten gibt es keine finanzielle Unterst\u00fctzung mehr, was zu einer schwierigen Situation f\u00fcr die Gemeinde und die Feuerwehr f\u00fchrt. Paulsen und Schmidt kritisieren, dass die Feuerwehren und Gemeinden in dieser wichtigen Angelegenheit im Stich gelassen werden.<\/p>\n<p>Den vollst\u00e4ndigen Artikel finden Sie im Wochenend Anzeiger vom 07.09.2024.<\/p>\n","protected":false},"excerpt":{"rendered":"<p>In einem Artikel des Wochenend Anzeigers vom 07.09.2024 wurde \u00fcber den Stopp der F\u00f6rderungen f\u00fcr Feuerwehrh\u00e4user berichtet. Diese Entscheidung trifft die Feuerwehr M\u00fcssen und die Gemeindevertretung hart, da der Bedarf f\u00fcr ein neues Feuerwehrhaus dringend ist. Das aktuelle Geb\u00e4ude in M\u00fcssen erf\u00fcllt nicht mehr die notwendigen Anforderungen. Es fehlen unter anderem eine Schwarz-Wei\u00df-Trennung, ausreichende Umkleide- &hellip; <a href=\"https:\/\/feuerwehr-muessen.de\/index.php\/2024\/09\/09\/feuerwehr-muessen-und-gemeindevertretung-enttaeuscht-ueber-den-stopp-der-foerderungen-fuer-feuerwehrhaeuser\/\" class=\"more-link\"><span class=\"screen-reader-text\">Feuerwehr M\u00fcssen und Gemeindevertretung entt\u00e4uscht \u00fcber den Stopp der F\u00f6rderungen f\u00fcr Feuerwehrh\u00e4user<\/span> weiterlesen <span class=\"meta-nav\">&rarr;<\/span><\/a><\/p>\n","protected":false},"author":5,"featured_media":0,"comment_status":"closed","ping_status":"closed","sticky":false,"template":"","format":"standard","meta":{"ngg_post_thumbnail":0,"footnotes":""},"categories":[4],"tags":[],"class_list":["post-2084","post","type-post","status-publish","format-standard","hentry","category-aktuelles"],"_links":{"self":[{"href":"https:\/\/feuerwehr-muessen.de\/index.php\/wp-json\/wp\/v2\/posts\/2084","targetHints":{"allow":["GET"]}}],"collection":[{"href":"https:\/\/feuerwehr-muessen.de\/index.php\/wp-json\/wp\/v2\/posts"}],"about":[{"href":"https:\/\/feuerwehr-muessen.de\/index.php\/wp-json\/wp\/v2\/types\/post"}],"author":[{"embeddable":true,"href":"https:\/\/feuerwehr-muessen.de\/index.php\/wp-json\/wp\/v2\/users\/5"}],"replies":[{"embeddable":true,"href":"https:\/\/feuerwehr-muessen.de\/index.php\/wp-json\/wp\/v2\/comments?post=2084"}],"version-history":[{"count":1,"href":"https:\/\/feuerwehr-muessen.de\/index.php\/wp-json\/wp\/v2\/posts\/2084\/revisions"}],"predecessor-version":[{"id":2085,"href":"https:\/\/feuerwehr-muessen.de\/index.php\/wp-json\/wp\/v2\/posts\/2084\/revisions\/2085"}],"wp:attachment":[{"href":"https:\/\/feuerwehr-muessen.de\/index.php\/wp-json\/wp\/v2\/media?parent=2084"}],"wp:term":[{"taxonomy":"category","embeddable":true,"href":"https:\/\/feuerwehr-muessen.de\/index.php\/wp-json\/wp\/v2\/categories?post=2084"},{"taxonomy":"post_tag","embeddable":true,"href":"https:\/\/feuerwehr-muessen.de\/index.php\/wp-json\/wp\/v2\/tags?post=2084"}],"curies":[{"name":"wp","href":"https:\/\/api.w.org\/{rel}","templated":true}]}}