{"id":2054,"date":"2024-01-26T21:17:51","date_gmt":"2024-01-26T20:17:51","guid":{"rendered":"https:\/\/feuerwehr-muessen.de\/?p=2054"},"modified":"2024-03-02T21:18:26","modified_gmt":"2024-03-02T20:18:26","slug":"einsatzbericht-26-01-24-verkehrsunfall-mit-eingeklemmter-person","status":"publish","type":"post","link":"https:\/\/feuerwehr-muessen.de\/index.php\/2024\/01\/26\/einsatzbericht-26-01-24-verkehrsunfall-mit-eingeklemmter-person\/","title":{"rendered":"Einsatzbericht: 26.01.24 &#8211; Verkehrsunfall mit eingeklemmter Person"},"content":{"rendered":"<p>Am 26. Januar 2024 um 13:25 Uhr wurden wir zu einem schweren Verkehrsunfall mit einer eingeklemmten Person alarmiert. Vor Ort stellten wir fest, dass sich ein Fahrzeug mehrmals \u00fcberschlagen hatte. In Absprache mit dem Rettungsdienst und den Not\u00e4rzten wurde die Fahrerin mithilfe hydraulischer Rettungsger\u00e4te aus ihrem Fahrzeug befreit. Anschlie\u00dfend wurde sie in die Obhut des Rettungsdienstes \u00fcbergeben.<\/p>\n<p>Nach der Rettung folgten Aufr\u00e4umarbeiten und der R\u00fcckbau der Sperrungen. Danach konnten alle drei unserer Einsatzfahrzeuge wieder einr\u00fccken. Wir m\u00f6chten uns an dieser Stelle bei der Freiwilligen Feuerwehr Schwarzenbek, der Freiwilligen Feuerwehr Schulendorf und dem Rettungsdienst f\u00fcr die ausgezeichnete Zusammenarbeit bedanken.<\/p>\n","protected":false},"excerpt":{"rendered":"<p>Am 26. Januar 2024 um 13:25 Uhr wurden wir zu einem schweren Verkehrsunfall mit einer eingeklemmten Person alarmiert. Vor Ort stellten wir fest, dass sich ein Fahrzeug mehrmals \u00fcberschlagen hatte. In Absprache mit dem Rettungsdienst und den Not\u00e4rzten wurde die Fahrerin mithilfe hydraulischer Rettungsger\u00e4te aus ihrem Fahrzeug befreit. Anschlie\u00dfend wurde sie in die Obhut des &hellip; <a href=\"https:\/\/feuerwehr-muessen.de\/index.php\/2024\/01\/26\/einsatzbericht-26-01-24-verkehrsunfall-mit-eingeklemmter-person\/\" class=\"more-link\"><span class=\"screen-reader-text\">Einsatzbericht: 26.01.24 &#8211; Verkehrsunfall mit eingeklemmter Person<\/span> weiterlesen <span class=\"meta-nav\">&rarr;<\/span><\/a><\/p>\n","protected":false},"author":5,"featured_media":0,"comment_status":"closed","ping_status":"closed","sticky":false,"template":"","format":"standard","meta":{"ngg_post_thumbnail":0,"footnotes":""},"categories":[4],"tags":[],"class_list":["post-2054","post","type-post","status-publish","format-standard","hentry","category-aktuelles"],"_links":{"self":[{"href":"https:\/\/feuerwehr-muessen.de\/index.php\/wp-json\/wp\/v2\/posts\/2054","targetHints":{"allow":["GET"]}}],"collection":[{"href":"https:\/\/feuerwehr-muessen.de\/index.php\/wp-json\/wp\/v2\/posts"}],"about":[{"href":"https:\/\/feuerwehr-muessen.de\/index.php\/wp-json\/wp\/v2\/types\/post"}],"author":[{"embeddable":true,"href":"https:\/\/feuerwehr-muessen.de\/index.php\/wp-json\/wp\/v2\/users\/5"}],"replies":[{"embeddable":true,"href":"https:\/\/feuerwehr-muessen.de\/index.php\/wp-json\/wp\/v2\/comments?post=2054"}],"version-history":[{"count":1,"href":"https:\/\/feuerwehr-muessen.de\/index.php\/wp-json\/wp\/v2\/posts\/2054\/revisions"}],"predecessor-version":[{"id":2055,"href":"https:\/\/feuerwehr-muessen.de\/index.php\/wp-json\/wp\/v2\/posts\/2054\/revisions\/2055"}],"wp:attachment":[{"href":"https:\/\/feuerwehr-muessen.de\/index.php\/wp-json\/wp\/v2\/media?parent=2054"}],"wp:term":[{"taxonomy":"category","embeddable":true,"href":"https:\/\/feuerwehr-muessen.de\/index.php\/wp-json\/wp\/v2\/categories?post=2054"},{"taxonomy":"post_tag","embeddable":true,"href":"https:\/\/feuerwehr-muessen.de\/index.php\/wp-json\/wp\/v2\/tags?post=2054"}],"curies":[{"name":"wp","href":"https:\/\/api.w.org\/{rel}","templated":true}]}}