{"id":2045,"date":"2024-01-27T20:53:54","date_gmt":"2024-01-27T19:53:54","guid":{"rendered":"https:\/\/feuerwehr-muessen.de\/?p=2045"},"modified":"2024-03-02T21:10:32","modified_gmt":"2024-03-02T20:10:32","slug":"jahreshauptversammlung-2024","status":"publish","type":"post","link":"https:\/\/feuerwehr-muessen.de\/index.php\/2024\/01\/27\/jahreshauptversammlung-2024\/","title":{"rendered":"Jahreshauptversammlung 2024"},"content":{"rendered":"<p>Die Jahreshauptversammlung der Freiwilligen Feuerwehr M\u00fcssen fand am 26. Januar 2024 statt. Wehrf\u00fchrer Ingwer Paulsen er\u00f6ffnete die Versammlung mit einer Begr\u00fc\u00dfung und einer Gedenkminute f\u00fcr die verstorbenen Kameraden Claus Groth und Christian Martin Paulsen. Zahlreiche G\u00e4ste, darunter Vertreter der Gemeinde, des Kreisfeuerwehrverbands und der Amtswehrf\u00fchrung sowie Mitglieder verschiedener Feuerwehren, wurden begr\u00fc\u00dft.<\/p>\n<p>Die Beschlussf\u00e4higkeit wurde mit 36 von 42 anwesenden Kameraden festgestellt. Es standen keine Aufnahmen in die Wehr an, das Protokoll des Vorjahres wurde verlesen und genehmigt.<\/p>\n<p>Wehrf\u00fchrer Ingwer Paulsen gab einen ausf\u00fchrlichen T\u00e4tigkeitsbericht f\u00fcr das Jahr 2023 ab, in dem die Feuerwehr bei einem Gro\u00dffeuer und insgesamt 35 Eins\u00e4tzen gefordert war. Die Zusammenarbeit mit Nachbarwehren wurde betont, ebenso wie die Unterst\u00fctzung der Jugendfeuerwehren. Neue Ausr\u00fcstung wurde beschafft und die Planungen f\u00fcr ein neues Feuerwehrhaus vorangetrieben.<\/p>\n<p>Die Berichte der Fachbereiche umfassten unter anderem die Themen Ger\u00e4te, Funk, Atemschutz, Ausbildung und Sicherheit. Es wurden auch der Kassenbericht f\u00fcr das Jahr 2023 pr\u00e4sentiert und der Vorstand entlastet.<\/p>\n<p>In den weiteren Punkten der Tagesordnung wurden Denis Miller zum Ger\u00e4tewart, Stefan Haeselich zum stellvertretenden Ger\u00e4tewart und Benedikt Munzke zum Rechnungspr\u00fcfer gew\u00e4hlt.<\/p>\n<p>Es folgten Bef\u00f6rderungen und Ehrungen f\u00fcr verdiente Kameraden, darunter Andre W\u00f6hlke, Hans-Otto Diestel, Manfred Stache, Inwger Paulsen, Eckhard Busacker, Lukas Brinkmeier, Patrik Hagen und Denis Miller.<\/p>\n<figure id=\"attachment_2046\" aria-describedby=\"caption-attachment-2046\" style=\"width: 604px\" class=\"wp-caption aligncenter\"><a href=\"https:\/\/feuerwehr-muessen.de\/wp-content\/uploads\/2024\/03\/P1260277.png\"><img loading=\"lazy\" decoding=\"async\" src=\"https:\/\/feuerwehr-muessen.de\/wp-content\/uploads\/2024\/03\/P1260277-1024x431.png\" alt=\"Geehrte und bef\u00f6rderte Kameraden\" width=\"604\" height=\"254\" class=\"size-large wp-image-2046\" srcset=\"https:\/\/feuerwehr-muessen.de\/wp-content\/uploads\/2024\/03\/P1260277-1024x431.png 1024w, https:\/\/feuerwehr-muessen.de\/wp-content\/uploads\/2024\/03\/P1260277-450x189.png 450w, https:\/\/feuerwehr-muessen.de\/wp-content\/uploads\/2024\/03\/P1260277-1536x646.png 1536w, https:\/\/feuerwehr-muessen.de\/wp-content\/uploads\/2024\/03\/P1260277-2048x861.png 2048w\" sizes=\"auto, (max-width: 604px) 100vw, 604px\" \/><\/a><figcaption id=\"caption-attachment-2046\" class=\"wp-caption-text\">Die geehrten und bef\u00f6rderten Kameraden<\/figcaption><\/figure>\n<p>Unter &#8222;Verschiedenes&#8220; wurden besondere Engagements gew\u00fcrdigt, personelle Ver\u00e4nderungen mitgeteilt und verschiedene organisatorische Punkte angesprochen, wie die Renovierung des Damen WCs und die Beibehaltung der ge\u00e4nderten Alarm- und Ausr\u00fcckeordnung.<\/p>\n<p>Die Versammlung endete mit einem Appell zur vollst\u00e4ndigen Teilnahme an Diensten und Eins\u00e4tzen sowie dem Aufruf, sich auch am anschlie\u00dfenden Aufr\u00e4umen zu beteiligen.<\/p>\n","protected":false},"excerpt":{"rendered":"<p>Die Jahreshauptversammlung der Freiwilligen Feuerwehr M\u00fcssen fand am 26. Januar 2024 statt. Wehrf\u00fchrer Ingwer Paulsen er\u00f6ffnete die Versammlung mit einer Begr\u00fc\u00dfung und einer Gedenkminute f\u00fcr die verstorbenen Kameraden Claus Groth und Christian Martin Paulsen. Zahlreiche G\u00e4ste, darunter Vertreter der Gemeinde, des Kreisfeuerwehrverbands und der Amtswehrf\u00fchrung sowie Mitglieder verschiedener Feuerwehren, wurden begr\u00fc\u00dft. Die Beschlussf\u00e4higkeit wurde mit &hellip; <a href=\"https:\/\/feuerwehr-muessen.de\/index.php\/2024\/01\/27\/jahreshauptversammlung-2024\/\" class=\"more-link\"><span class=\"screen-reader-text\">Jahreshauptversammlung 2024<\/span> weiterlesen <span class=\"meta-nav\">&rarr;<\/span><\/a><\/p>\n","protected":false},"author":5,"featured_media":0,"comment_status":"closed","ping_status":"closed","sticky":false,"template":"","format":"standard","meta":{"ngg_post_thumbnail":0,"footnotes":""},"categories":[4],"tags":[],"class_list":["post-2045","post","type-post","status-publish","format-standard","hentry","category-aktuelles"],"_links":{"self":[{"href":"https:\/\/feuerwehr-muessen.de\/index.php\/wp-json\/wp\/v2\/posts\/2045","targetHints":{"allow":["GET"]}}],"collection":[{"href":"https:\/\/feuerwehr-muessen.de\/index.php\/wp-json\/wp\/v2\/posts"}],"about":[{"href":"https:\/\/feuerwehr-muessen.de\/index.php\/wp-json\/wp\/v2\/types\/post"}],"author":[{"embeddable":true,"href":"https:\/\/feuerwehr-muessen.de\/index.php\/wp-json\/wp\/v2\/users\/5"}],"replies":[{"embeddable":true,"href":"https:\/\/feuerwehr-muessen.de\/index.php\/wp-json\/wp\/v2\/comments?post=2045"}],"version-history":[{"count":2,"href":"https:\/\/feuerwehr-muessen.de\/index.php\/wp-json\/wp\/v2\/posts\/2045\/revisions"}],"predecessor-version":[{"id":2048,"href":"https:\/\/feuerwehr-muessen.de\/index.php\/wp-json\/wp\/v2\/posts\/2045\/revisions\/2048"}],"wp:attachment":[{"href":"https:\/\/feuerwehr-muessen.de\/index.php\/wp-json\/wp\/v2\/media?parent=2045"}],"wp:term":[{"taxonomy":"category","embeddable":true,"href":"https:\/\/feuerwehr-muessen.de\/index.php\/wp-json\/wp\/v2\/categories?post=2045"},{"taxonomy":"post_tag","embeddable":true,"href":"https:\/\/feuerwehr-muessen.de\/index.php\/wp-json\/wp\/v2\/tags?post=2045"}],"curies":[{"name":"wp","href":"https:\/\/api.w.org\/{rel}","templated":true}]}}