{"id":2042,"date":"2024-03-02T14:11:10","date_gmt":"2024-03-02T13:11:10","guid":{"rendered":"https:\/\/feuerwehr-muessen.de\/?p=2042"},"modified":"2024-03-02T21:21:00","modified_gmt":"2024-03-02T20:21:00","slug":"osterfeuer-2024","status":"publish","type":"post","link":"https:\/\/feuerwehr-muessen.de\/index.php\/2024\/03\/02\/osterfeuer-2024\/","title":{"rendered":"Osterfeuer 2024"},"content":{"rendered":"<p><a href=\"https:\/\/feuerwehr-muessen.de\/wp-content\/uploads\/2024\/03\/Osterfeuer-2024.jpeg\"><img loading=\"lazy\" decoding=\"async\" src=\"https:\/\/feuerwehr-muessen.de\/wp-content\/uploads\/2024\/03\/Osterfeuer-2024-316x450.jpeg\" alt=\"\" width=\"316\" height=\"450\" class=\"alignright size-medium wp-image-2043\" srcset=\"https:\/\/feuerwehr-muessen.de\/wp-content\/uploads\/2024\/03\/Osterfeuer-2024-316x450.jpeg 316w, https:\/\/feuerwehr-muessen.de\/wp-content\/uploads\/2024\/03\/Osterfeuer-2024-718x1024.jpeg 718w, https:\/\/feuerwehr-muessen.de\/wp-content\/uploads\/2024\/03\/Osterfeuer-2024-1077x1536.jpeg 1077w, https:\/\/feuerwehr-muessen.de\/wp-content\/uploads\/2024\/03\/Osterfeuer-2024.jpeg 1122w\" sizes=\"auto, (max-width: 316px) 100vw, 316px\" \/><\/a>Liebe Mitb\u00fcrgerinnen und Mitb\u00fcrger,<\/p>\n<p>es ist wieder so weit, die Freiwillige Feuerwehr M\u00fcssen l\u00e4dt herzlich ein, am Ostersamstag, den 30.03.2024 gemeinsam das Osterfest zu feiern. Los geht es um 18 Uhr am M\u00fcssener See und mit dem traditionellen Osterfeuer. Es erwartet Sie\/euch ein gem\u00fctliches Beisammensein in fr\u00f6hlicher Atmosph\u00e4re.<\/p>\n<p>Wir freuen uns auf zahlreiches Erscheinen!<\/p>\n<p>Viele Gr\u00fc\u00dfe<br \/>\neure Freiwillige Feuerwehr M\u00fcssen<\/p>\n","protected":false},"excerpt":{"rendered":"<p>Liebe Mitb\u00fcrgerinnen und Mitb\u00fcrger, es ist wieder so weit, die Freiwillige Feuerwehr M\u00fcssen l\u00e4dt herzlich ein, am Ostersamstag, den 30.03.2024 gemeinsam das Osterfest zu feiern. Los geht es um 18 Uhr am M\u00fcssener See und mit dem traditionellen Osterfeuer. Es erwartet Sie\/euch ein gem\u00fctliches Beisammensein in fr\u00f6hlicher Atmosph\u00e4re. Wir freuen uns auf zahlreiches Erscheinen! Viele &hellip; <a href=\"https:\/\/feuerwehr-muessen.de\/index.php\/2024\/03\/02\/osterfeuer-2024\/\" class=\"more-link\"><span class=\"screen-reader-text\">Osterfeuer 2024<\/span> weiterlesen <span class=\"meta-nav\">&rarr;<\/span><\/a><\/p>\n","protected":false},"author":5,"featured_media":0,"comment_status":"closed","ping_status":"closed","sticky":false,"template":"","format":"standard","meta":{"ngg_post_thumbnail":0,"footnotes":""},"categories":[4],"tags":[],"class_list":["post-2042","post","type-post","status-publish","format-standard","hentry","category-aktuelles"],"_links":{"self":[{"href":"https:\/\/feuerwehr-muessen.de\/index.php\/wp-json\/wp\/v2\/posts\/2042","targetHints":{"allow":["GET"]}}],"collection":[{"href":"https:\/\/feuerwehr-muessen.de\/index.php\/wp-json\/wp\/v2\/posts"}],"about":[{"href":"https:\/\/feuerwehr-muessen.de\/index.php\/wp-json\/wp\/v2\/types\/post"}],"author":[{"embeddable":true,"href":"https:\/\/feuerwehr-muessen.de\/index.php\/wp-json\/wp\/v2\/users\/5"}],"replies":[{"embeddable":true,"href":"https:\/\/feuerwehr-muessen.de\/index.php\/wp-json\/wp\/v2\/comments?post=2042"}],"version-history":[{"count":5,"href":"https:\/\/feuerwehr-muessen.de\/index.php\/wp-json\/wp\/v2\/posts\/2042\/revisions"}],"predecessor-version":[{"id":2056,"href":"https:\/\/feuerwehr-muessen.de\/index.php\/wp-json\/wp\/v2\/posts\/2042\/revisions\/2056"}],"wp:attachment":[{"href":"https:\/\/feuerwehr-muessen.de\/index.php\/wp-json\/wp\/v2\/media?parent=2042"}],"wp:term":[{"taxonomy":"category","embeddable":true,"href":"https:\/\/feuerwehr-muessen.de\/index.php\/wp-json\/wp\/v2\/categories?post=2042"},{"taxonomy":"post_tag","embeddable":true,"href":"https:\/\/feuerwehr-muessen.de\/index.php\/wp-json\/wp\/v2\/tags?post=2042"}],"curies":[{"name":"wp","href":"https:\/\/api.w.org\/{rel}","templated":true}]}}