{"id":2013,"date":"2023-11-11T20:48:44","date_gmt":"2023-11-11T19:48:44","guid":{"rendered":"https:\/\/feuerwehr-muessen.de\/?p=2013"},"modified":"2023-11-13T07:00:33","modified_gmt":"2023-11-13T06:00:33","slug":"intensive-kettensaegenausbildung-foerdert-zusammenarbeit-zwischen-feuerwehren","status":"publish","type":"post","link":"https:\/\/feuerwehr-muessen.de\/index.php\/2023\/11\/11\/intensive-kettensaegenausbildung-foerdert-zusammenarbeit-zwischen-feuerwehren\/","title":{"rendered":"Intensive Kettens\u00e4genausbildung f\u00f6rdert Zusammenarbeit zwischen Feuerwehren"},"content":{"rendered":"<p>\u00dcber drei Tage, vom 9. bis 11. November, vertieften Feuerwehrleute aus M\u00fcssen, Bergedorf und Boberg ihre F\u00e4higkeiten im Umgang mit Kettens\u00e4gen. Auf einem Gel\u00e4nde in der N\u00e4he des Bahnhofs bot sich die M\u00f6glichkeit, intensiv an Themen wie Baumf\u00e4llung und Sturmschadensbeseitigung zu arbeiten.<\/p>\n<p>Die Idee, die \u00f6rtlichen Gegebenheiten f\u00fcr praxisnahe Schulungen zu nutzen, entwickelte sich in Zusammenarbeit mit den Feuerwehren Bergedorf und Boberg zu einem dreit\u00e4gigen Workshop. Dieser fand unter der Leitung der Wehrf\u00fchrungen von M\u00fcssen und Bergedorf am Donnerstag und Freitag statt.<\/p>\n<p>Die Ausbildung umfasste theoretische Grundlagen, insbesondere im Bereich Motors\u00e4gentechnik, gefolgt von praktischen \u00dcbungen mit unter Spannung stehenden St\u00e4mmen. Acht Kameraden aus M\u00fcssen und 15 aus Hamburg nahmen an dieser lehrreichen Schulung teil.<\/p>\n<p>Die Verantwortlichen, darunter Stefan Haeselich und Hanno Wittkamp aus M\u00fcssen, entwickelten eine umfassende Schulung, die f\u00fcr alle Kenntnisstufen geeignet war.<\/p>\n<p>Die positive Resonanz und die st\u00e4rkere Zusammenarbeit zwischen den Feuerwehren motivieren die Verantwortlichen, weitere Schulungen zu planen. Diese Zusammenarbeit verspricht, die Einsatzf\u00e4higkeit im Umgang mit Kettens\u00e4gen und anderen wichtigen Bereichen zu st\u00e4rken, um noch besser auf k\u00fcnftige Herausforderungen vorbereitet zu sein.<\/p>\nngg_shortcode_0_placeholder\n<em>(Fotos: Freiwillige Feuerwehr M\u00fcssen und Freiwillige Feuerwehr Bergedorf)<\/em><\/p>\n","protected":false},"excerpt":{"rendered":"<p>\u00dcber drei Tage, vom 9. bis 11. November, vertieften Feuerwehrleute aus M\u00fcssen, Bergedorf und Boberg ihre F\u00e4higkeiten im Umgang mit Kettens\u00e4gen. Auf einem Gel\u00e4nde in der N\u00e4he des Bahnhofs bot sich die M\u00f6glichkeit, intensiv an Themen wie Baumf\u00e4llung und Sturmschadensbeseitigung zu arbeiten. Die Idee, die \u00f6rtlichen Gegebenheiten f\u00fcr praxisnahe Schulungen zu nutzen, entwickelte sich in &hellip; <a href=\"https:\/\/feuerwehr-muessen.de\/index.php\/2023\/11\/11\/intensive-kettensaegenausbildung-foerdert-zusammenarbeit-zwischen-feuerwehren\/\" class=\"more-link\"><span class=\"screen-reader-text\">Intensive Kettens\u00e4genausbildung f\u00f6rdert Zusammenarbeit zwischen Feuerwehren<\/span> weiterlesen <span class=\"meta-nav\">&rarr;<\/span><\/a><\/p>\n","protected":false},"author":5,"featured_media":0,"comment_status":"closed","ping_status":"closed","sticky":false,"template":"","format":"standard","meta":{"ngg_post_thumbnail":0,"footnotes":""},"categories":[4],"tags":[],"class_list":["post-2013","post","type-post","status-publish","format-standard","hentry","category-aktuelles"],"_links":{"self":[{"href":"https:\/\/feuerwehr-muessen.de\/index.php\/wp-json\/wp\/v2\/posts\/2013","targetHints":{"allow":["GET"]}}],"collection":[{"href":"https:\/\/feuerwehr-muessen.de\/index.php\/wp-json\/wp\/v2\/posts"}],"about":[{"href":"https:\/\/feuerwehr-muessen.de\/index.php\/wp-json\/wp\/v2\/types\/post"}],"author":[{"embeddable":true,"href":"https:\/\/feuerwehr-muessen.de\/index.php\/wp-json\/wp\/v2\/users\/5"}],"replies":[{"embeddable":true,"href":"https:\/\/feuerwehr-muessen.de\/index.php\/wp-json\/wp\/v2\/comments?post=2013"}],"version-history":[{"count":6,"href":"https:\/\/feuerwehr-muessen.de\/index.php\/wp-json\/wp\/v2\/posts\/2013\/revisions"}],"predecessor-version":[{"id":2034,"href":"https:\/\/feuerwehr-muessen.de\/index.php\/wp-json\/wp\/v2\/posts\/2013\/revisions\/2034"}],"wp:attachment":[{"href":"https:\/\/feuerwehr-muessen.de\/index.php\/wp-json\/wp\/v2\/media?parent=2013"}],"wp:term":[{"taxonomy":"category","embeddable":true,"href":"https:\/\/feuerwehr-muessen.de\/index.php\/wp-json\/wp\/v2\/categories?post=2013"},{"taxonomy":"post_tag","embeddable":true,"href":"https:\/\/feuerwehr-muessen.de\/index.php\/wp-json\/wp\/v2\/tags?post=2013"}],"curies":[{"name":"wp","href":"https:\/\/api.w.org\/{rel}","templated":true}]}}