{"id":1882,"date":"2023-03-22T20:56:46","date_gmt":"2023-03-22T19:56:46","guid":{"rendered":"https:\/\/feuerwehr-muessen.de\/?p=1882"},"modified":"2023-03-23T14:57:08","modified_gmt":"2023-03-23T13:57:08","slug":"osterfeuer-2023","status":"publish","type":"post","link":"https:\/\/feuerwehr-muessen.de\/index.php\/2023\/03\/22\/osterfeuer-2023\/","title":{"rendered":"Osterfeuer 2023"},"content":{"rendered":"<p><a href=\"https:\/\/feuerwehr-muessen.de\/wp-content\/uploads\/2023\/03\/osterfeuer2023.jpeg\"><img loading=\"lazy\" decoding=\"async\" class=\"alignright size-medium wp-image-1881\" src=\"https:\/\/feuerwehr-muessen.de\/wp-content\/uploads\/2023\/03\/osterfeuer2023-311x450.jpeg\" alt=\"Plakat mit dem Text &quot;Ihre Feuerwehr M\u00fcssen l\u00e4dt ein: Osterfeuer am Ostersamstag ab 18:00 Uhr, Am See&quot;\" width=\"311\" height=\"450\" srcset=\"https:\/\/feuerwehr-muessen.de\/wp-content\/uploads\/2023\/03\/osterfeuer2023-311x450.jpeg 311w, https:\/\/feuerwehr-muessen.de\/wp-content\/uploads\/2023\/03\/osterfeuer2023-707x1024.jpeg 707w, https:\/\/feuerwehr-muessen.de\/wp-content\/uploads\/2023\/03\/osterfeuer2023-1060x1536.jpeg 1060w, https:\/\/feuerwehr-muessen.de\/wp-content\/uploads\/2023\/03\/osterfeuer2023.jpeg 1104w\" sizes=\"auto, (max-width: 311px) 100vw, 311px\" \/><\/a>Liebe Nachbarn und Freunde,<\/p>\n<p>wir m\u00f6chten euch herzlich zum diesj\u00e4hrigen Osterfeuer am M\u00fcssener See einladen! Am 08.04.2023 ab 18:00 Uhr werden wir gemeinsam das Osterfeuer entz\u00fcnden und eine gem\u00fctliche Zeit verbringen.<\/p>\n<p>F\u00fcr eure Bequemlichkeit wird ein Zelt aufgestellt, wo ihr auf Sitzgelegenheiten Platz nehmen k\u00f6nnt und zu Musik das Feuer genie\u00dfen k\u00f6nnt. Am Tresen k\u00f6nnt ihr euch mit Getr\u00e4nken versorgen und den Abend in netter Gesellschaft verbringen.<\/p>\n<p>Wer Hunger hat, kann sich an der Wurstbude st\u00e4rken. Hier gibt es leckere Fleisch- und Wurstgerichte und Sitzgelegenheiten, sowie Stehtische zum Verweilen.<\/p>\n<p>Wir freuen uns auf euch und einen gem\u00fctlichen Abend am Osterfeuer!<\/p>\n<p>Eure Feuerwehr M\u00fcssen<\/p>\n","protected":false},"excerpt":{"rendered":"<p>Liebe Nachbarn und Freunde, wir m\u00f6chten euch herzlich zum diesj\u00e4hrigen Osterfeuer am M\u00fcssener See einladen! Am 08.04.2023 ab 18:00 Uhr werden wir gemeinsam das Osterfeuer entz\u00fcnden und eine gem\u00fctliche Zeit verbringen. F\u00fcr eure Bequemlichkeit wird ein Zelt aufgestellt, wo ihr auf Sitzgelegenheiten Platz nehmen k\u00f6nnt und zu Musik das Feuer genie\u00dfen k\u00f6nnt. Am Tresen k\u00f6nnt &hellip; <a href=\"https:\/\/feuerwehr-muessen.de\/index.php\/2023\/03\/22\/osterfeuer-2023\/\" class=\"more-link\"><span class=\"screen-reader-text\">Osterfeuer 2023<\/span> weiterlesen <span class=\"meta-nav\">&rarr;<\/span><\/a><\/p>\n","protected":false},"author":5,"featured_media":0,"comment_status":"closed","ping_status":"closed","sticky":false,"template":"","format":"standard","meta":{"ngg_post_thumbnail":0,"footnotes":""},"categories":[4],"tags":[],"class_list":["post-1882","post","type-post","status-publish","format-standard","hentry","category-aktuelles"],"_links":{"self":[{"href":"https:\/\/feuerwehr-muessen.de\/index.php\/wp-json\/wp\/v2\/posts\/1882","targetHints":{"allow":["GET"]}}],"collection":[{"href":"https:\/\/feuerwehr-muessen.de\/index.php\/wp-json\/wp\/v2\/posts"}],"about":[{"href":"https:\/\/feuerwehr-muessen.de\/index.php\/wp-json\/wp\/v2\/types\/post"}],"author":[{"embeddable":true,"href":"https:\/\/feuerwehr-muessen.de\/index.php\/wp-json\/wp\/v2\/users\/5"}],"replies":[{"embeddable":true,"href":"https:\/\/feuerwehr-muessen.de\/index.php\/wp-json\/wp\/v2\/comments?post=1882"}],"version-history":[{"count":5,"href":"https:\/\/feuerwehr-muessen.de\/index.php\/wp-json\/wp\/v2\/posts\/1882\/revisions"}],"predecessor-version":[{"id":1891,"href":"https:\/\/feuerwehr-muessen.de\/index.php\/wp-json\/wp\/v2\/posts\/1882\/revisions\/1891"}],"wp:attachment":[{"href":"https:\/\/feuerwehr-muessen.de\/index.php\/wp-json\/wp\/v2\/media?parent=1882"}],"wp:term":[{"taxonomy":"category","embeddable":true,"href":"https:\/\/feuerwehr-muessen.de\/index.php\/wp-json\/wp\/v2\/categories?post=1882"},{"taxonomy":"post_tag","embeddable":true,"href":"https:\/\/feuerwehr-muessen.de\/index.php\/wp-json\/wp\/v2\/tags?post=1882"}],"curies":[{"name":"wp","href":"https:\/\/api.w.org\/{rel}","templated":true}]}}