{"id":1811,"date":"2022-10-30T21:35:02","date_gmt":"2022-10-30T20:35:02","guid":{"rendered":"https:\/\/feuerwehr-muessen.de\/?p=1811"},"modified":"2022-10-30T21:37:24","modified_gmt":"2022-10-30T20:37:24","slug":"laternenumzug-am-18-11-2022","status":"publish","type":"post","link":"https:\/\/feuerwehr-muessen.de\/index.php\/2022\/10\/30\/laternenumzug-am-18-11-2022\/","title":{"rendered":"Laternenumzug am 18.11.2022"},"content":{"rendered":"<p>Am Freitag, den 18. November findet der diesj\u00e4hrige Laternenumzug in M\u00fcssen statt.<\/p>\n<p>Los geht es ab 17:00 Uhr am Ger\u00e4tehaus der Feuerwehr (Zum Sportplatz), mit Musik, Speis und Trank. Der Umzug verl\u00e4uft dann einmal durchs Dorf und endet schlie\u00dflich wieder am Ger\u00e4tehaus.<\/p>\n<p>Wir freuen uns auf viele kleine und gro\u00dfe Besucher!<\/p>\n<p><img loading=\"lazy\" decoding=\"async\" class=\"aligncenter size-full wp-image-1812\" src=\"https:\/\/feuerwehr-muessen.de\/wp-content\/uploads\/2022\/10\/Laternenumzug.png\" alt=\"Plakat zum Laternenumzug 2022, Alle dort enthaltenen Informationen finden sich im Text nebenan.\" width=\"454\" height=\"643\" srcset=\"https:\/\/feuerwehr-muessen.de\/wp-content\/uploads\/2022\/10\/Laternenumzug.png 454w, https:\/\/feuerwehr-muessen.de\/wp-content\/uploads\/2022\/10\/Laternenumzug-318x450.png 318w\" sizes=\"auto, (max-width: 454px) 100vw, 454px\" \/><\/p>\n","protected":false},"excerpt":{"rendered":"<p>Am Freitag, den 18. November findet der diesj\u00e4hrige Laternenumzug in M\u00fcssen statt. Los geht es ab 17:00 Uhr am Ger\u00e4tehaus der Feuerwehr (Zum Sportplatz), mit Musik, Speis und Trank. Der Umzug verl\u00e4uft dann einmal durchs Dorf und endet schlie\u00dflich wieder am Ger\u00e4tehaus. Wir freuen uns auf viele kleine und gro\u00dfe Besucher!<\/p>\n","protected":false},"author":5,"featured_media":0,"comment_status":"closed","ping_status":"closed","sticky":false,"template":"","format":"standard","meta":{"ngg_post_thumbnail":0,"footnotes":""},"categories":[4],"tags":[],"class_list":["post-1811","post","type-post","status-publish","format-standard","hentry","category-aktuelles"],"_links":{"self":[{"href":"https:\/\/feuerwehr-muessen.de\/index.php\/wp-json\/wp\/v2\/posts\/1811","targetHints":{"allow":["GET"]}}],"collection":[{"href":"https:\/\/feuerwehr-muessen.de\/index.php\/wp-json\/wp\/v2\/posts"}],"about":[{"href":"https:\/\/feuerwehr-muessen.de\/index.php\/wp-json\/wp\/v2\/types\/post"}],"author":[{"embeddable":true,"href":"https:\/\/feuerwehr-muessen.de\/index.php\/wp-json\/wp\/v2\/users\/5"}],"replies":[{"embeddable":true,"href":"https:\/\/feuerwehr-muessen.de\/index.php\/wp-json\/wp\/v2\/comments?post=1811"}],"version-history":[{"count":3,"href":"https:\/\/feuerwehr-muessen.de\/index.php\/wp-json\/wp\/v2\/posts\/1811\/revisions"}],"predecessor-version":[{"id":1815,"href":"https:\/\/feuerwehr-muessen.de\/index.php\/wp-json\/wp\/v2\/posts\/1811\/revisions\/1815"}],"wp:attachment":[{"href":"https:\/\/feuerwehr-muessen.de\/index.php\/wp-json\/wp\/v2\/media?parent=1811"}],"wp:term":[{"taxonomy":"category","embeddable":true,"href":"https:\/\/feuerwehr-muessen.de\/index.php\/wp-json\/wp\/v2\/categories?post=1811"},{"taxonomy":"post_tag","embeddable":true,"href":"https:\/\/feuerwehr-muessen.de\/index.php\/wp-json\/wp\/v2\/tags?post=1811"}],"curies":[{"name":"wp","href":"https:\/\/api.w.org\/{rel}","templated":true}]}}