{"id":1754,"date":"2022-04-09T14:30:32","date_gmt":"2022-04-09T12:30:32","guid":{"rendered":"https:\/\/feuerwehr-muessen.de\/?p=1754"},"modified":"2022-04-09T14:32:11","modified_gmt":"2022-04-09T12:32:11","slug":"jahreshauptversammlung-2022","status":"publish","type":"post","link":"https:\/\/feuerwehr-muessen.de\/index.php\/2022\/04\/09\/jahreshauptversammlung-2022\/","title":{"rendered":"Jahreshauptversammlung 2022"},"content":{"rendered":"<figure id=\"attachment_1753\" aria-describedby=\"caption-attachment-1753\" style=\"width: 450px\" class=\"wp-caption alignright\"><img loading=\"lazy\" decoding=\"async\" class=\"size-medium wp-image-1753\" src=\"https:\/\/feuerwehr-muessen.de\/wp-content\/uploads\/2022\/04\/IMG_4171-3-450x300.jpg\" alt=\"Die Feuerwehrkameraden stehen nebeneinander vor einer wei\u00dfen Wand.\" width=\"450\" height=\"300\" srcset=\"https:\/\/feuerwehr-muessen.de\/wp-content\/uploads\/2022\/04\/IMG_4171-3-450x300.jpg 450w, https:\/\/feuerwehr-muessen.de\/wp-content\/uploads\/2022\/04\/IMG_4171-3-1024x683.jpg 1024w, https:\/\/feuerwehr-muessen.de\/wp-content\/uploads\/2022\/04\/IMG_4171-3-1536x1024.jpg 1536w, https:\/\/feuerwehr-muessen.de\/wp-content\/uploads\/2022\/04\/IMG_4171-3-2048x1366.jpg 2048w\" sizes=\"auto, (max-width: 450px) 100vw, 450px\" \/><figcaption id=\"caption-attachment-1753\" class=\"wp-caption-text\">Die geehrte und bef\u00f6rderten Kameraden, zusammen mit Wehrf\u00fchrer Ingwer Paulsen, sowie B\u00fcrgermeister Detlef Dehr, Amtswehrf\u00fchrer Marc Eggert und stellv. Kreiswehrf\u00fchrer Torsten M\u00f6ller<\/figcaption><\/figure>Am gestrigen 8. April 2022 fand die diesj\u00e4hrige Jahreshauptversammlung der Freiwilligen Feuerwehr M\u00fcssen in der Fahrzeughalle statt. Auf Grund der Pandemie handelte es sich um eine 3G-Veranstaltung.<\/p>\n<p>Nach der Begr\u00fc\u00dfung durch den Wehrf\u00fchrer und Gru\u00dfworte der G\u00e4ste wurde Benedikt Munzke als Feuerwehrmann in die Wehr aufgenommen. Nach Berichten der Wehrf\u00fchrung und aus den Fachbereichen wurden verschiedene \u00c4mter neu gew\u00e4hlt:<\/p>\n<ul>\n<li>AGT-Fachwart: Jan-Niclas Visser<\/li>\n<li>Jan Christoph Dr\u00f6se wurde als stellvertretender Wehrf\u00fchrer im Amt best\u00e4tigt<\/li>\n<li>Rechnungspr\u00fcfer: Bastian Rehfeld<\/li>\n<\/ul>\n<p>Au\u00dferdem wurden einige Kameraden f\u00fcr ihre langj\u00e4hrige Zugeh\u00f6rigkeit zur Freiwilligen Feuerwehr M\u00fcssen geehrt und mehrere Bef\u00f6rderungen vorgenommen.<\/p>\n<p>Informationen zu den anstehenden Feierlichkeiten im Rahmen des Kreisverbandstag und zu unserem 100-j\u00e4hrigen Jubil\u00e4um werden separat verteilt.<\/p>\n","protected":false},"excerpt":{"rendered":"<p>Am gestrigen 8. April 2022 fand die diesj\u00e4hrige Jahreshauptversammlung der Freiwilligen Feuerwehr M\u00fcssen in der Fahrzeughalle statt. Auf Grund der Pandemie handelte es sich um eine 3G-Veranstaltung. Nach der Begr\u00fc\u00dfung durch den Wehrf\u00fchrer und Gru\u00dfworte der G\u00e4ste wurde Benedikt Munzke als Feuerwehrmann in die Wehr aufgenommen. Nach Berichten der Wehrf\u00fchrung und aus den Fachbereichen wurden &hellip; <a href=\"https:\/\/feuerwehr-muessen.de\/index.php\/2022\/04\/09\/jahreshauptversammlung-2022\/\" class=\"more-link\"><span class=\"screen-reader-text\">Jahreshauptversammlung 2022<\/span> weiterlesen <span class=\"meta-nav\">&rarr;<\/span><\/a><\/p>\n","protected":false},"author":5,"featured_media":0,"comment_status":"closed","ping_status":"closed","sticky":false,"template":"","format":"standard","meta":{"ngg_post_thumbnail":0,"footnotes":""},"categories":[4],"tags":[],"class_list":["post-1754","post","type-post","status-publish","format-standard","hentry","category-aktuelles"],"_links":{"self":[{"href":"https:\/\/feuerwehr-muessen.de\/index.php\/wp-json\/wp\/v2\/posts\/1754","targetHints":{"allow":["GET"]}}],"collection":[{"href":"https:\/\/feuerwehr-muessen.de\/index.php\/wp-json\/wp\/v2\/posts"}],"about":[{"href":"https:\/\/feuerwehr-muessen.de\/index.php\/wp-json\/wp\/v2\/types\/post"}],"author":[{"embeddable":true,"href":"https:\/\/feuerwehr-muessen.de\/index.php\/wp-json\/wp\/v2\/users\/5"}],"replies":[{"embeddable":true,"href":"https:\/\/feuerwehr-muessen.de\/index.php\/wp-json\/wp\/v2\/comments?post=1754"}],"version-history":[{"count":6,"href":"https:\/\/feuerwehr-muessen.de\/index.php\/wp-json\/wp\/v2\/posts\/1754\/revisions"}],"predecessor-version":[{"id":1760,"href":"https:\/\/feuerwehr-muessen.de\/index.php\/wp-json\/wp\/v2\/posts\/1754\/revisions\/1760"}],"wp:attachment":[{"href":"https:\/\/feuerwehr-muessen.de\/index.php\/wp-json\/wp\/v2\/media?parent=1754"}],"wp:term":[{"taxonomy":"category","embeddable":true,"href":"https:\/\/feuerwehr-muessen.de\/index.php\/wp-json\/wp\/v2\/categories?post=1754"},{"taxonomy":"post_tag","embeddable":true,"href":"https:\/\/feuerwehr-muessen.de\/index.php\/wp-json\/wp\/v2\/tags?post=1754"}],"curies":[{"name":"wp","href":"https:\/\/api.w.org\/{rel}","templated":true}]}}