{"id":1738,"date":"2022-04-28T07:23:45","date_gmt":"2022-04-28T05:23:45","guid":{"rendered":"https:\/\/feuerwehr-muessen.de\/?p=1738"},"modified":"2022-04-28T17:10:41","modified_gmt":"2022-04-28T15:10:41","slug":"kreisverbandstag-2022-in-muessen","status":"publish","type":"post","link":"https:\/\/feuerwehr-muessen.de\/index.php\/2022\/04\/28\/kreisverbandstag-2022-in-muessen\/","title":{"rendered":"Kreisverbandstag 2022 in M\u00fcssen"},"content":{"rendered":"<p>Anl\u00e4sslich des 100-j\u00e4hrigen Bestehens der Freiwilligen Feuerwehr M\u00fcssen waren die Feierlichkeiten eigentlich bereits f\u00fcr 2021 angesetzt, doch die Umst\u00e4nde w\u00e4hrend der Pandemie verhinderten diese. Nicht nur unsere Einsatzabteilung war w\u00e4hrend dieser Zeit sehr aktiv, sondern auch die an der Planung und Umsetzung des Jubil\u00e4ums Beteiligten lie\u00dfen weiterhin die K\u00f6pfe rauchen und sich nicht von der st\u00e4ndig wechselnden Lage unterkriegen.<\/p>\n<p>Los geht es am 13.05.2022 mit einem traditionellen Kommersabend f\u00fcr geladene G\u00e4ste.<\/p>\n<p>Am Samstag, 14.05.2022 starten wir ab 13:00 Uhr mit dem \u00f6ffentlichen Teil. Auf und um den Sportplatz M\u00fcssen werden bis ca. 18:00 Uhr aktive Fahrzeuge der Feuerwehr, sowie Oldtimer ausgestellt. Einzelne Buden und eine H\u00fcpfburg sorgen f\u00fcr Unterhaltung und der Verkauf von Kaffee, Kuchen und Torten f\u00fcr das leibliche Wohl. Ab 20:00 Uhr beginnt dann die Zeltdisko.<\/p>\n<p>Am Sonntag, 15.05.2022 treffen sich verschiedene Feuerwehren zum traditionellen Sternmarsch. Anlaufpunkte sind der Parkplatz Bahnhof\/Bergstra\u00dfe, sowie M\u00fchlenstra\u00dfe\/Klusterriede. Abmarsch der Marschbl\u00f6cke ist um 13:15 Uhr und das Eintreffen auf dem Festplatz wird f\u00fcr ca. 14:00 Uhr erwartet.<br \/>\nAnschlie\u00dfend wird es wieder bis 18:00 Uhr Spa\u00df und Spiel auf dem Sportplatz M\u00fcssen geben.<\/p>\n<p><a href=\"https:\/\/feuerwehr-muessen.de\/wp-content\/uploads\/2022\/04\/278242058_3047638975457012_8295932787947619574_n.jpeg\"><img loading=\"lazy\" decoding=\"async\" src=\"https:\/\/feuerwehr-muessen.de\/wp-content\/uploads\/2022\/04\/278242058_3047638975457012_8295932787947619574_n-725x1024.jpeg\" alt=\"Plakat des KFV anl\u00e4sslich des Kreisverbandtags 2022 in M\u00fcssen. Die enthaltenen Informationen befinden sich im Flie\u00dftext dieses Artikels.\" width=\"604\" height=\"853\" class=\"aligncenter size-large wp-image-1761\" srcset=\"https:\/\/feuerwehr-muessen.de\/wp-content\/uploads\/2022\/04\/278242058_3047638975457012_8295932787947619574_n-725x1024.jpeg 725w, https:\/\/feuerwehr-muessen.de\/wp-content\/uploads\/2022\/04\/278242058_3047638975457012_8295932787947619574_n-318x450.jpeg 318w, https:\/\/feuerwehr-muessen.de\/wp-content\/uploads\/2022\/04\/278242058_3047638975457012_8295932787947619574_n-1087x1536.jpeg 1087w, https:\/\/feuerwehr-muessen.de\/wp-content\/uploads\/2022\/04\/278242058_3047638975457012_8295932787947619574_n.jpeg 1241w\" sizes=\"auto, (max-width: 604px) 100vw, 604px\" \/><\/a><\/p>\n","protected":false},"excerpt":{"rendered":"<p>Anl\u00e4sslich des 100-j\u00e4hrigen Bestehens der Freiwilligen Feuerwehr M\u00fcssen waren die Feierlichkeiten eigentlich bereits f\u00fcr 2021 angesetzt, doch die Umst\u00e4nde w\u00e4hrend der Pandemie verhinderten diese. Nicht nur unsere Einsatzabteilung war w\u00e4hrend dieser Zeit sehr aktiv, sondern auch die an der Planung und Umsetzung des Jubil\u00e4ums Beteiligten lie\u00dfen weiterhin die K\u00f6pfe rauchen und sich nicht von der &hellip; <a href=\"https:\/\/feuerwehr-muessen.de\/index.php\/2022\/04\/28\/kreisverbandstag-2022-in-muessen\/\" class=\"more-link\"><span class=\"screen-reader-text\">Kreisverbandstag 2022 in M\u00fcssen<\/span> weiterlesen <span class=\"meta-nav\">&rarr;<\/span><\/a><\/p>\n","protected":false},"author":5,"featured_media":0,"comment_status":"closed","ping_status":"closed","sticky":false,"template":"","format":"standard","meta":{"ngg_post_thumbnail":0,"footnotes":""},"categories":[4],"tags":[],"class_list":["post-1738","post","type-post","status-publish","format-standard","hentry","category-aktuelles"],"_links":{"self":[{"href":"https:\/\/feuerwehr-muessen.de\/index.php\/wp-json\/wp\/v2\/posts\/1738","targetHints":{"allow":["GET"]}}],"collection":[{"href":"https:\/\/feuerwehr-muessen.de\/index.php\/wp-json\/wp\/v2\/posts"}],"about":[{"href":"https:\/\/feuerwehr-muessen.de\/index.php\/wp-json\/wp\/v2\/types\/post"}],"author":[{"embeddable":true,"href":"https:\/\/feuerwehr-muessen.de\/index.php\/wp-json\/wp\/v2\/users\/5"}],"replies":[{"embeddable":true,"href":"https:\/\/feuerwehr-muessen.de\/index.php\/wp-json\/wp\/v2\/comments?post=1738"}],"version-history":[{"count":8,"href":"https:\/\/feuerwehr-muessen.de\/index.php\/wp-json\/wp\/v2\/posts\/1738\/revisions"}],"predecessor-version":[{"id":1777,"href":"https:\/\/feuerwehr-muessen.de\/index.php\/wp-json\/wp\/v2\/posts\/1738\/revisions\/1777"}],"wp:attachment":[{"href":"https:\/\/feuerwehr-muessen.de\/index.php\/wp-json\/wp\/v2\/media?parent=1738"}],"wp:term":[{"taxonomy":"category","embeddable":true,"href":"https:\/\/feuerwehr-muessen.de\/index.php\/wp-json\/wp\/v2\/categories?post=1738"},{"taxonomy":"post_tag","embeddable":true,"href":"https:\/\/feuerwehr-muessen.de\/index.php\/wp-json\/wp\/v2\/tags?post=1738"}],"curies":[{"name":"wp","href":"https:\/\/api.w.org\/{rel}","templated":true}]}}