{"id":1721,"date":"2022-04-07T14:54:44","date_gmt":"2022-04-07T12:54:44","guid":{"rendered":"https:\/\/feuerwehr-muessen.de\/?p=1721"},"modified":"2022-04-08T15:15:01","modified_gmt":"2022-04-08T13:15:01","slug":"doppel-einsatz-in-unter-12-stunden","status":"publish","type":"post","link":"https:\/\/feuerwehr-muessen.de\/index.php\/2022\/04\/07\/doppel-einsatz-in-unter-12-stunden\/","title":{"rendered":"Doppel-Einsatz in unter 12 Stunden"},"content":{"rendered":"<p><img loading=\"lazy\" decoding=\"async\" class=\"size-medium wp-image-1746 alignright\" src=\"https:\/\/feuerwehr-muessen.de\/wp-content\/uploads\/2022\/04\/Einsatz-O\u0308lspur-450x300.png\" alt=\"Zwei Einsatzkr\u00e4fte bringen mit Schaufeln \u00d6lbindemittel auf die Stra\u00dfe aus. Im Hintergrund steht der MTW der Feuerwehr mit eingeschaltetem Blaulicht.\" width=\"450\" height=\"300\" srcset=\"https:\/\/feuerwehr-muessen.de\/wp-content\/uploads\/2022\/04\/Einsatz-O\u0308lspur-450x300.png 450w, https:\/\/feuerwehr-muessen.de\/wp-content\/uploads\/2022\/04\/Einsatz-O\u0308lspur.png 1000w\" sizes=\"auto, (max-width: 450px) 100vw, 450px\" \/>Was zun\u00e4chst wie eine Bagatelle klingt, kann sich schnell zu einem gro\u00dfen Umweltproblem, sowie einer Gefahrenquelle f\u00fcr den Stra\u00dfenverkehr und einem langwierigem Einsatz entwickeln: Die \u00d6lspur. Am gestrigen Dienstag, den 07.04.2022 wurde unsere Feuerwehr zu einer solchen \u00d6lspur gerufen, die sich von der Dorfstra\u00dfe, \u00fcber die Schwarzenbeker Stra\u00dfe und Louisenhof, bis auf die B209 erstreckte. 22 Einsatzkr\u00e4fte waren ca. 3 Stunden mit dem Einsatz von \u00d6lbindemitteln auf mehreren Fahrbahnabschnitten besch\u00e4ftigt.<\/p>\n<p>In der darauf folgenden Nacht wurden wir um 2:30 Uhr erneut aus dem Schlaf gerissen, als ein Schuppenbrand in B\u00fcchen auf das Dach eines Wohngeb\u00e4ude \u00fcbergriff. Unsere 18 Einsatzkr\u00e4fte vor Ort stellten drei Trupps unter Atemschutz und unterst\u00fctzen die Kr\u00e4fte der Feuerwehren B\u00fcchen, B\u00fcchen-Dorf und Schwarzenbek.<\/p>\n","protected":false},"excerpt":{"rendered":"<p>Was zun\u00e4chst wie eine Bagatelle klingt, kann sich schnell zu einem gro\u00dfen Umweltproblem, sowie einer Gefahrenquelle f\u00fcr den Stra\u00dfenverkehr und einem langwierigem Einsatz entwickeln: Die \u00d6lspur. Am gestrigen Dienstag, den 07.04.2022 wurde unsere Feuerwehr zu einer solchen \u00d6lspur gerufen, die sich von der Dorfstra\u00dfe, \u00fcber die Schwarzenbeker Stra\u00dfe und Louisenhof, bis auf die B209 erstreckte. &hellip; <a href=\"https:\/\/feuerwehr-muessen.de\/index.php\/2022\/04\/07\/doppel-einsatz-in-unter-12-stunden\/\" class=\"more-link\"><span class=\"screen-reader-text\">Doppel-Einsatz in unter 12 Stunden<\/span> weiterlesen <span class=\"meta-nav\">&rarr;<\/span><\/a><\/p>\n","protected":false},"author":5,"featured_media":0,"comment_status":"closed","ping_status":"closed","sticky":false,"template":"","format":"standard","meta":{"ngg_post_thumbnail":0,"footnotes":""},"categories":[4],"tags":[],"class_list":["post-1721","post","type-post","status-publish","format-standard","hentry","category-aktuelles"],"_links":{"self":[{"href":"https:\/\/feuerwehr-muessen.de\/index.php\/wp-json\/wp\/v2\/posts\/1721","targetHints":{"allow":["GET"]}}],"collection":[{"href":"https:\/\/feuerwehr-muessen.de\/index.php\/wp-json\/wp\/v2\/posts"}],"about":[{"href":"https:\/\/feuerwehr-muessen.de\/index.php\/wp-json\/wp\/v2\/types\/post"}],"author":[{"embeddable":true,"href":"https:\/\/feuerwehr-muessen.de\/index.php\/wp-json\/wp\/v2\/users\/5"}],"replies":[{"embeddable":true,"href":"https:\/\/feuerwehr-muessen.de\/index.php\/wp-json\/wp\/v2\/comments?post=1721"}],"version-history":[{"count":12,"href":"https:\/\/feuerwehr-muessen.de\/index.php\/wp-json\/wp\/v2\/posts\/1721\/revisions"}],"predecessor-version":[{"id":1750,"href":"https:\/\/feuerwehr-muessen.de\/index.php\/wp-json\/wp\/v2\/posts\/1721\/revisions\/1750"}],"wp:attachment":[{"href":"https:\/\/feuerwehr-muessen.de\/index.php\/wp-json\/wp\/v2\/media?parent=1721"}],"wp:term":[{"taxonomy":"category","embeddable":true,"href":"https:\/\/feuerwehr-muessen.de\/index.php\/wp-json\/wp\/v2\/categories?post=1721"},{"taxonomy":"post_tag","embeddable":true,"href":"https:\/\/feuerwehr-muessen.de\/index.php\/wp-json\/wp\/v2\/tags?post=1721"}],"curies":[{"name":"wp","href":"https:\/\/api.w.org\/{rel}","templated":true}]}}