{"id":1653,"date":"2021-06-23T16:46:47","date_gmt":"2021-06-23T14:46:47","guid":{"rendered":"https:\/\/feuerwehr-muessen.de\/?p=1653"},"modified":"2021-06-23T16:47:38","modified_gmt":"2021-06-23T14:47:38","slug":"100-jahre-feuerwehr-muessen","status":"publish","type":"post","link":"https:\/\/feuerwehr-muessen.de\/index.php\/2021\/06\/23\/100-jahre-feuerwehr-muessen\/","title":{"rendered":"100 Jahre Feuerwehr M\u00fcssen"},"content":{"rendered":"<p><a href=\"https:\/\/feuerwehr-muessen.de\/wp-content\/uploads\/2021\/06\/Cover.jpg\"><img loading=\"lazy\" decoding=\"async\" class=\"alignleft wp-image-1654\" src=\"https:\/\/feuerwehr-muessen.de\/wp-content\/uploads\/2021\/06\/Cover-316x450.jpg\" alt=\"\" height=\"428\" width=\"300\" srcset=\"https:\/\/feuerwehr-muessen.de\/wp-content\/uploads\/2021\/06\/Cover-316x450.jpg 316w, https:\/\/feuerwehr-muessen.de\/wp-content\/uploads\/2021\/06\/Cover.jpg 500w\" sizes=\"auto, (max-width: 300px) 100vw, 300px\" \/><\/a><strong>100 Jahre sind eine lange Zeit, in der sich viel ver\u00e4ndert hat.<\/strong><\/p>\n<p>Passend zum Jubil\u00e4um hat die Feuerwehr gemeinsam mit der Gemeinde M\u00fcssen, M\u00fcssener Vereinen und Sponsoren eine Chronik erstellt, in der Sie die Geschichte der Feuerwehr M\u00fcssen erleben k\u00f6nnen.<\/p>\n<p>Erh\u00e4ltlich ist die Chronik in M\u00fcssen bei den B\u00e4ckereien Hondt und Gr\u00e4per, Salon M und in der Kleintierpraxis M\u00fcssen.<\/p>\n","protected":false},"excerpt":{"rendered":"<p>100 Jahre sind eine lange Zeit, in der sich viel ver\u00e4ndert hat. Passend zum Jubil\u00e4um hat die Feuerwehr gemeinsam mit der Gemeinde M\u00fcssen, M\u00fcssener Vereinen und Sponsoren eine Chronik erstellt, in der Sie die Geschichte der Feuerwehr M\u00fcssen erleben k\u00f6nnen. Erh\u00e4ltlich ist die Chronik in M\u00fcssen bei den B\u00e4ckereien Hondt und Gr\u00e4per, Salon M und &hellip; <a href=\"https:\/\/feuerwehr-muessen.de\/index.php\/2021\/06\/23\/100-jahre-feuerwehr-muessen\/\" class=\"more-link\"><span class=\"screen-reader-text\">100 Jahre Feuerwehr M\u00fcssen<\/span> weiterlesen <span class=\"meta-nav\">&rarr;<\/span><\/a><\/p>\n","protected":false},"author":1,"featured_media":0,"comment_status":"closed","ping_status":"closed","sticky":false,"template":"","format":"standard","meta":{"ngg_post_thumbnail":0,"footnotes":""},"categories":[4],"tags":[],"class_list":["post-1653","post","type-post","status-publish","format-standard","hentry","category-aktuelles"],"_links":{"self":[{"href":"https:\/\/feuerwehr-muessen.de\/index.php\/wp-json\/wp\/v2\/posts\/1653","targetHints":{"allow":["GET"]}}],"collection":[{"href":"https:\/\/feuerwehr-muessen.de\/index.php\/wp-json\/wp\/v2\/posts"}],"about":[{"href":"https:\/\/feuerwehr-muessen.de\/index.php\/wp-json\/wp\/v2\/types\/post"}],"author":[{"embeddable":true,"href":"https:\/\/feuerwehr-muessen.de\/index.php\/wp-json\/wp\/v2\/users\/1"}],"replies":[{"embeddable":true,"href":"https:\/\/feuerwehr-muessen.de\/index.php\/wp-json\/wp\/v2\/comments?post=1653"}],"version-history":[{"count":2,"href":"https:\/\/feuerwehr-muessen.de\/index.php\/wp-json\/wp\/v2\/posts\/1653\/revisions"}],"predecessor-version":[{"id":1656,"href":"https:\/\/feuerwehr-muessen.de\/index.php\/wp-json\/wp\/v2\/posts\/1653\/revisions\/1656"}],"wp:attachment":[{"href":"https:\/\/feuerwehr-muessen.de\/index.php\/wp-json\/wp\/v2\/media?parent=1653"}],"wp:term":[{"taxonomy":"category","embeddable":true,"href":"https:\/\/feuerwehr-muessen.de\/index.php\/wp-json\/wp\/v2\/categories?post=1653"},{"taxonomy":"post_tag","embeddable":true,"href":"https:\/\/feuerwehr-muessen.de\/index.php\/wp-json\/wp\/v2\/tags?post=1653"}],"curies":[{"name":"wp","href":"https:\/\/api.w.org\/{rel}","templated":true}]}}