{"id":1634,"date":"2021-03-30T21:06:16","date_gmt":"2021-03-30T19:06:16","guid":{"rendered":"https:\/\/feuerwehr-muessen.de\/?p=1634"},"modified":"2021-03-30T21:09:34","modified_gmt":"2021-03-30T19:09:34","slug":"ostereieraktion-der-ff-muessen","status":"publish","type":"post","link":"https:\/\/feuerwehr-muessen.de\/index.php\/2021\/03\/30\/ostereieraktion-der-ff-muessen\/","title":{"rendered":"Ostereieraktion der FF M\u00fcssen"},"content":{"rendered":"<p><a href=\"https:\/\/feuerwehr-muessen.de\/wp-content\/uploads\/2021\/03\/Simon-Fey-u.-Marten-Paulsen.jpg\"><img loading=\"lazy\" decoding=\"async\" class=\"size-medium wp-image-1635 alignleft\" src=\"https:\/\/feuerwehr-muessen.de\/wp-content\/uploads\/2021\/03\/Simon-Fey-u.-Marten-Paulsen-300x450.jpg\" alt=\"\" height=\"450\" width=\"300\" srcset=\"https:\/\/feuerwehr-muessen.de\/wp-content\/uploads\/2021\/03\/Simon-Fey-u.-Marten-Paulsen-300x450.jpg 300w, https:\/\/feuerwehr-muessen.de\/wp-content\/uploads\/2021\/03\/Simon-Fey-u.-Marten-Paulsen.jpg 667w\" sizes=\"auto, (max-width: 300px) 100vw, 300px\" \/><\/a>Am Samstag vor Ostern hatte die FF M\u00fcssen die Dorfstra\u00dfe mit bemalten Ostereiern etwas bunter gestaltet.<\/p>\n<p>Von den Kameraden wurden 50 Ostereier aus Holz ausgeschnitten, bemalt und an ca. 30 B\u00e4umen aufgeh\u00e4ngt. Die Idee ist daraus entstanden, dass es ja eher ein tristes und einsames Osterfest werden k\u00f6nnte. Daher haben sich die Kameraden gedacht, es kann nicht schaden, etwas Farbe, Fr\u00f6hlichkeit und Freude in die vor \u00f6sterliche Zeit zu bringen.<\/p>\n<p><!--more--><\/p>\n<p>Unterst\u00fctzt wurde das Anmalen von vier kleinen flei\u00dfigen Helfern (Iva, Mika, Enni und Romi) die zuhause tatkr\u00e4ftig die Eier mit bemalt haben.<\/p>\n<p>Die FF M\u00fcssen w\u00fcnscht allen ein frohes Osterfest.<\/p>\n<div class=\"ub-clear\"><\/div>\n<div class=\"ub-spacer\"><\/div>\n<div style=\"height:260px\"><\/div>\n<div class=\"su-row\">\n<div class=\"su-column su-column-size-1-2\"><div class=\"su-column-inner su-u-clearfix su-u-trim\">\n<a href=\"https:\/\/feuerwehr-muessen.de\/wp-content\/uploads\/2021\/03\/Kinder-Iva-Mika-Enni-u.-R.jpg\"><img loading=\"lazy\" decoding=\"async\" class=\"aligncenter size-medium wp-image-1637\" src=\"https:\/\/feuerwehr-muessen.de\/wp-content\/uploads\/2021\/03\/Kinder-Iva-Mika-Enni-u.-R-450x300.jpg\" alt=\"\" height=\"300\" width=\"450\" srcset=\"https:\/\/feuerwehr-muessen.de\/wp-content\/uploads\/2021\/03\/Kinder-Iva-Mika-Enni-u.-R-450x300.jpg 450w, https:\/\/feuerwehr-muessen.de\/wp-content\/uploads\/2021\/03\/Kinder-Iva-Mika-Enni-u.-R.jpg 1000w\" sizes=\"auto, (max-width: 450px) 100vw, 450px\" \/><\/a><br \/>\n<\/div><\/div>\n<div class=\"su-column su-column-size-1-2\"><div class=\"su-column-inner su-u-clearfix su-u-trim\">\n<a href=\"https:\/\/feuerwehr-muessen.de\/wp-content\/uploads\/2021\/03\/Ingwer-Paulsen-u.-Stefan-Ha.jpg\"><img loading=\"lazy\" decoding=\"async\" class=\"aligncenter size-medium wp-image-1638\" src=\"https:\/\/feuerwehr-muessen.de\/wp-content\/uploads\/2021\/03\/Ingwer-Paulsen-u.-Stefan-Ha-450x300.jpg\" alt=\"\" height=\"300\" width=\"450\" srcset=\"https:\/\/feuerwehr-muessen.de\/wp-content\/uploads\/2021\/03\/Ingwer-Paulsen-u.-Stefan-Ha-450x300.jpg 450w, https:\/\/feuerwehr-muessen.de\/wp-content\/uploads\/2021\/03\/Ingwer-Paulsen-u.-Stefan-Ha.jpg 1000w\" sizes=\"auto, (max-width: 450px) 100vw, 450px\" \/><\/a><br \/>\n<\/div><\/div>\n<\/div>\n<div class=\"ub-clear\"><\/div>\n<div class=\"ub-spacer\"><\/div>\n<div class=\"su-row\">\n<div class=\"su-column su-column-size-1-2\"><div class=\"su-column-inner su-u-clearfix su-u-trim\">\n<a href=\"https:\/\/feuerwehr-muessen.de\/wp-content\/uploads\/2021\/03\/Ostereieraktion-2021.jpg\"><img loading=\"lazy\" decoding=\"async\" class=\"aligncenter size-medium wp-image-1636\" src=\"https:\/\/feuerwehr-muessen.de\/wp-content\/uploads\/2021\/03\/Ostereieraktion-2021-300x450.jpg\" alt=\"\" height=\"450\" width=\"300\" srcset=\"https:\/\/feuerwehr-muessen.de\/wp-content\/uploads\/2021\/03\/Ostereieraktion-2021-300x450.jpg 300w, https:\/\/feuerwehr-muessen.de\/wp-content\/uploads\/2021\/03\/Ostereieraktion-2021.jpg 667w\" sizes=\"auto, (max-width: 300px) 100vw, 300px\" \/><\/a><\/p>\n<\/div><\/div>\n<div class=\"su-column su-column-size-1-2\"><div class=\"su-column-inner su-u-clearfix su-u-trim\">\n<a href=\"https:\/\/feuerwehr-muessen.de\/wp-content\/uploads\/2021\/03\/Helmut-Brockmueller-und-Tilm.jpg\"><img loading=\"lazy\" decoding=\"async\" class=\"aligncenter size-medium wp-image-1639\" src=\"https:\/\/feuerwehr-muessen.de\/wp-content\/uploads\/2021\/03\/Helmut-Brockmueller-und-Tilm-300x450.jpg\" alt=\"\" height=\"450\" width=\"300\" srcset=\"https:\/\/feuerwehr-muessen.de\/wp-content\/uploads\/2021\/03\/Helmut-Brockmueller-und-Tilm-300x450.jpg 300w, https:\/\/feuerwehr-muessen.de\/wp-content\/uploads\/2021\/03\/Helmut-Brockmueller-und-Tilm.jpg 667w\" sizes=\"auto, (max-width: 300px) 100vw, 300px\" \/><\/a><br \/>\n<\/div><\/div>\n<\/div>\n<div class=\"ub-clear\"><\/div>\n<div class=\"ub-spacer\"><\/div>\n","protected":false},"excerpt":{"rendered":"<p>Am Samstag vor Ostern hatte die FF M\u00fcssen die Dorfstra\u00dfe mit bemalten Ostereiern etwas bunter gestaltet. Von den Kameraden wurden 50 Ostereier aus Holz ausgeschnitten, bemalt und an ca. 30 B\u00e4umen aufgeh\u00e4ngt. Die Idee ist daraus entstanden, dass es ja eher ein tristes und einsames Osterfest werden k\u00f6nnte. Daher haben sich die Kameraden gedacht, es &hellip; <a href=\"https:\/\/feuerwehr-muessen.de\/index.php\/2021\/03\/30\/ostereieraktion-der-ff-muessen\/\" class=\"more-link\"><span class=\"screen-reader-text\">Ostereieraktion der FF M\u00fcssen<\/span> weiterlesen <span class=\"meta-nav\">&rarr;<\/span><\/a><\/p>\n","protected":false},"author":1,"featured_media":0,"comment_status":"closed","ping_status":"closed","sticky":false,"template":"","format":"standard","meta":{"ngg_post_thumbnail":0,"footnotes":""},"categories":[4],"tags":[],"class_list":["post-1634","post","type-post","status-publish","format-standard","hentry","category-aktuelles"],"_links":{"self":[{"href":"https:\/\/feuerwehr-muessen.de\/index.php\/wp-json\/wp\/v2\/posts\/1634","targetHints":{"allow":["GET"]}}],"collection":[{"href":"https:\/\/feuerwehr-muessen.de\/index.php\/wp-json\/wp\/v2\/posts"}],"about":[{"href":"https:\/\/feuerwehr-muessen.de\/index.php\/wp-json\/wp\/v2\/types\/post"}],"author":[{"embeddable":true,"href":"https:\/\/feuerwehr-muessen.de\/index.php\/wp-json\/wp\/v2\/users\/1"}],"replies":[{"embeddable":true,"href":"https:\/\/feuerwehr-muessen.de\/index.php\/wp-json\/wp\/v2\/comments?post=1634"}],"version-history":[{"count":6,"href":"https:\/\/feuerwehr-muessen.de\/index.php\/wp-json\/wp\/v2\/posts\/1634\/revisions"}],"predecessor-version":[{"id":1645,"href":"https:\/\/feuerwehr-muessen.de\/index.php\/wp-json\/wp\/v2\/posts\/1634\/revisions\/1645"}],"wp:attachment":[{"href":"https:\/\/feuerwehr-muessen.de\/index.php\/wp-json\/wp\/v2\/media?parent=1634"}],"wp:term":[{"taxonomy":"category","embeddable":true,"href":"https:\/\/feuerwehr-muessen.de\/index.php\/wp-json\/wp\/v2\/categories?post=1634"},{"taxonomy":"post_tag","embeddable":true,"href":"https:\/\/feuerwehr-muessen.de\/index.php\/wp-json\/wp\/v2\/tags?post=1634"}],"curies":[{"name":"wp","href":"https:\/\/api.w.org\/{rel}","templated":true}]}}