{"id":1563,"date":"2020-09-18T14:19:55","date_gmt":"2020-09-18T12:19:55","guid":{"rendered":"https:\/\/feuerwehr-muessen.de\/?p=1563"},"modified":"2020-09-18T14:23:37","modified_gmt":"2020-09-18T12:23:37","slug":"eine-mal-andere-aktion-zur-mitgliedergewinnung-fuehrte-die-ffm-im-juni-2020-in-muessen-durch","status":"publish","type":"post","link":"https:\/\/feuerwehr-muessen.de\/index.php\/2020\/09\/18\/eine-mal-andere-aktion-zur-mitgliedergewinnung-fuehrte-die-ffm-im-juni-2020-in-muessen-durch\/","title":{"rendered":"Eine mal andere Aktion zur Mitgliedergewinnung f\u00fchrte die FFM im Juni 2020 in M\u00fcssen durch."},"content":{"rendered":"<p><a href=\"https:\/\/feuerwehr-muessen.de\/wp-content\/uploads\/2020\/09\/Loescheimer-vor-Haustuer-1.jpg\"><img loading=\"lazy\" decoding=\"async\" src=\"https:\/\/feuerwehr-muessen.de\/wp-content\/uploads\/2020\/09\/Loescheimer-vor-Haustuer-1-300x450.jpg\" alt=\"\" width=\"300\" height=\"450\" class=\"alignleft size-medium wp-image-1569\" srcset=\"https:\/\/feuerwehr-muessen.de\/wp-content\/uploads\/2020\/09\/Loescheimer-vor-Haustuer-1-300x450.jpg 300w, https:\/\/feuerwehr-muessen.de\/wp-content\/uploads\/2020\/09\/Loescheimer-vor-Haustuer-1.jpg 667w\" sizes=\"auto, (max-width: 300px) 100vw, 300px\" \/><\/a>Einige M\u00fcssener freuten sich wohl \u00fcber einen sch\u00f6nen roten Zehn-Liter- Wassereimer, der von den Mitgliedern der Freiwilligen Feuerwehr M\u00fcssen vor ihren Haust\u00fcren abgestellt wurde.<\/p>\n<p>Um das Interesse potentieller neuer Mitglieder auf die Freiwillige Feuerwehr zu richten, hatte es daher am vergangenen Wochenende ein \u201eGeschenk\u201c an viele Haushalte im Dorf gegeben \u2013 vornehmlich an solche, die mit der Feuerwehr noch nicht in direktem Kontakt stehen.<\/p>\n<p>Als sie allerdings den Aufdruck lasen, erkannten sie den Hintergrund dieser Aktion.<\/p>\n<p><!--more--><\/p>\n<p>Es ging der Freiwilligen Feuerwehr M\u00fcssen darum, den Einwohnern von M\u00fcssen die Personalsituation der FFM vor Augen zu f\u00fchren. Der Hinweis auf dem Eimer, mit diesem erste L\u00f6schversuche zu unternehmen, ist nicht ganz ernst gemeint hat aber einen ernsten Hintergrund.<\/p>\n<p>Ein beiliegender Flyer, der diesen Hintergrund in Form einer etwas anderen Art von Stellenanzeige nochmals na\u0308her beschreibt, lag dem L\u00f6scheimer bei.<\/p>\n<p>Um die Einsatzbereitschaft auch weiterhin sicherzustellen, braucht die Feuerwehr den Einsatz ehrenamtlicher B\u00fcrgerinnen und B\u00fcrger.<\/p>\n<p>Unterst\u00fctzt wurde die Aktion von Herrn Buse vom Hagebaumarkt Schwarzenbek, dieser lieferte die Eimer und von Jerg und Sandra Uffman von der Schwarzenbeker Werbetechnikfirma 14Punkt2, diese haben die Aufkleber f\u00fcr die Eimer sowie die Flyer gefertigt.<\/p>\n<p>F\u00fcr weitere Informationen rund um den Dienst in der FFM stehen I. Paulsen und J. Dr\u00f6se unter <a class=\"ub-mail\" title=\"Eine Mail schreiben\" href=\"mailto:info@feuerwehr-muessen.de\">info@feuerwehr-muessen.de<\/a> gerne zur Verf\u00fcgung.<\/p>\n<figure id=\"attachment_1567\" aria-describedby=\"caption-attachment-1567\" style=\"width: 1066px\" class=\"wp-caption aligncenter\"><a href=\"https:\/\/feuerwehr-muessen.de\/wp-content\/uploads\/2020\/09\/Sponsoren-Hagebaumarkt-u.-.jpg\"><img loading=\"lazy\" decoding=\"async\" class=\"wp-image-1567 size-full\" src=\"https:\/\/feuerwehr-muessen.de\/wp-content\/uploads\/2020\/09\/Sponsoren-Hagebaumarkt-u.-.jpg\" alt=\"\" height=\"501\" width=\"1066\" srcset=\"https:\/\/feuerwehr-muessen.de\/wp-content\/uploads\/2020\/09\/Sponsoren-Hagebaumarkt-u.-.jpg 1066w, https:\/\/feuerwehr-muessen.de\/wp-content\/uploads\/2020\/09\/Sponsoren-Hagebaumarkt-u.--450x211.jpg 450w, https:\/\/feuerwehr-muessen.de\/wp-content\/uploads\/2020\/09\/Sponsoren-Hagebaumarkt-u.--1024x481.jpg 1024w\" sizes=\"auto, (max-width: 1066px) 100vw, 1066px\" \/><\/a><figcaption id=\"caption-attachment-1567\" class=\"wp-caption-text\">Sponsoren, Hagebaumarkt u. Werbefirma 14Punkt2 aus Schwarzenbek<\/figcaption><\/figure>\n<div class=\"su-row\">\n<div class=\"su-column su-column-size-1-2\"><div class=\"su-column-inner su-u-clearfix su-u-trim\">\n<a href=\"https:\/\/feuerwehr-muessen.de\/wp-content\/uploads\/2020\/09\/Loescheimer-1.jpg\"><img loading=\"lazy\" decoding=\"async\" class=\"aligncenter wp-image-1568 size-medium\" src=\"https:\/\/feuerwehr-muessen.de\/wp-content\/uploads\/2020\/09\/Loescheimer-1-300x450.jpg\" alt=\"\" height=\"450\" width=\"300\" srcset=\"https:\/\/feuerwehr-muessen.de\/wp-content\/uploads\/2020\/09\/Loescheimer-1-300x450.jpg 300w, https:\/\/feuerwehr-muessen.de\/wp-content\/uploads\/2020\/09\/Loescheimer-1.jpg 667w\" sizes=\"auto, (max-width: 300px) 100vw, 300px\" \/><\/a><br \/>\n<\/div><\/div>\n<div class=\"su-column su-column-size-1-2\"><div class=\"su-column-inner su-u-clearfix su-u-trim\">\n<a href=\"https:\/\/feuerwehr-muessen.de\/wp-content\/uploads\/2020\/09\/Loescheimer-vor-Haustuer-1.jpg\"><img loading=\"lazy\" decoding=\"async\" class=\"aligncenter wp-image-1569 size-medium\" src=\"https:\/\/feuerwehr-muessen.de\/wp-content\/uploads\/2020\/09\/Loescheimer-vor-Haustuer-1-300x450.jpg\" alt=\"\" height=\"450\" width=\"300\" srcset=\"https:\/\/feuerwehr-muessen.de\/wp-content\/uploads\/2020\/09\/Loescheimer-vor-Haustuer-1-300x450.jpg 300w, https:\/\/feuerwehr-muessen.de\/wp-content\/uploads\/2020\/09\/Loescheimer-vor-Haustuer-1.jpg 667w\" sizes=\"auto, (max-width: 300px) 100vw, 300px\" \/><\/a><br \/>\n<\/div><\/div>\n<\/div>\n<div class=\"ub-clear\">&nbsp;<\/div>\n<div class=\"ub-spacer\">&nbsp;<\/div>\n","protected":false},"excerpt":{"rendered":"<p>Einige M\u00fcssener freuten sich wohl \u00fcber einen sch\u00f6nen roten Zehn-Liter- Wassereimer, der von den Mitgliedern der Freiwilligen Feuerwehr M\u00fcssen vor ihren Haust\u00fcren abgestellt wurde. Um das Interesse potentieller neuer Mitglieder auf die Freiwillige Feuerwehr zu richten, hatte es daher am vergangenen Wochenende ein \u201eGeschenk\u201c an viele Haushalte im Dorf gegeben \u2013 vornehmlich an solche, die &hellip; <a href=\"https:\/\/feuerwehr-muessen.de\/index.php\/2020\/09\/18\/eine-mal-andere-aktion-zur-mitgliedergewinnung-fuehrte-die-ffm-im-juni-2020-in-muessen-durch\/\" class=\"more-link\"><span class=\"screen-reader-text\">Eine mal andere Aktion zur Mitgliedergewinnung f\u00fchrte die FFM im Juni 2020 in M\u00fcssen durch.<\/span> weiterlesen <span class=\"meta-nav\">&rarr;<\/span><\/a><\/p>\n","protected":false},"author":1,"featured_media":0,"comment_status":"closed","ping_status":"closed","sticky":false,"template":"","format":"standard","meta":{"ngg_post_thumbnail":0,"footnotes":""},"categories":[4],"tags":[],"class_list":["post-1563","post","type-post","status-publish","format-standard","hentry","category-aktuelles"],"_links":{"self":[{"href":"https:\/\/feuerwehr-muessen.de\/index.php\/wp-json\/wp\/v2\/posts\/1563","targetHints":{"allow":["GET"]}}],"collection":[{"href":"https:\/\/feuerwehr-muessen.de\/index.php\/wp-json\/wp\/v2\/posts"}],"about":[{"href":"https:\/\/feuerwehr-muessen.de\/index.php\/wp-json\/wp\/v2\/types\/post"}],"author":[{"embeddable":true,"href":"https:\/\/feuerwehr-muessen.de\/index.php\/wp-json\/wp\/v2\/users\/1"}],"replies":[{"embeddable":true,"href":"https:\/\/feuerwehr-muessen.de\/index.php\/wp-json\/wp\/v2\/comments?post=1563"}],"version-history":[{"count":7,"href":"https:\/\/feuerwehr-muessen.de\/index.php\/wp-json\/wp\/v2\/posts\/1563\/revisions"}],"predecessor-version":[{"id":1576,"href":"https:\/\/feuerwehr-muessen.de\/index.php\/wp-json\/wp\/v2\/posts\/1563\/revisions\/1576"}],"wp:attachment":[{"href":"https:\/\/feuerwehr-muessen.de\/index.php\/wp-json\/wp\/v2\/media?parent=1563"}],"wp:term":[{"taxonomy":"category","embeddable":true,"href":"https:\/\/feuerwehr-muessen.de\/index.php\/wp-json\/wp\/v2\/categories?post=1563"},{"taxonomy":"post_tag","embeddable":true,"href":"https:\/\/feuerwehr-muessen.de\/index.php\/wp-json\/wp\/v2\/tags?post=1563"}],"curies":[{"name":"wp","href":"https:\/\/api.w.org\/{rel}","templated":true}]}}