{"id":1416,"date":"2019-08-01T11:59:54","date_gmt":"2019-08-01T09:59:54","guid":{"rendered":"https:\/\/feuerwehr-muessen.de\/?p=1416"},"modified":"2019-08-01T12:01:44","modified_gmt":"2019-08-01T10:01:44","slug":"zu-viel-regen-einige-strassen-im-suedkreis-gesperrt","status":"publish","type":"post","link":"https:\/\/feuerwehr-muessen.de\/index.php\/2019\/08\/01\/zu-viel-regen-einige-strassen-im-suedkreis-gesperrt\/","title":{"rendered":"Zu viel Regen \u2013 einige Stra\u00dfen im S\u00fcdkreis gesperrt"},"content":{"rendered":"<p><a href=\"https:\/\/feuerwehr-muessen.de\/wp-content\/uploads\/2019\/08\/unwetter-muessen.jpg\"><img loading=\"lazy\" decoding=\"async\" class=\"alignleft wp-image-1417\" src=\"https:\/\/feuerwehr-muessen.de\/wp-content\/uploads\/2019\/08\/unwetter-muessen-450x335.jpg\" alt=\"\" height=\"223\" width=\"300\" srcset=\"https:\/\/feuerwehr-muessen.de\/wp-content\/uploads\/2019\/08\/unwetter-muessen-450x335.jpg 450w, https:\/\/feuerwehr-muessen.de\/wp-content\/uploads\/2019\/08\/unwetter-muessen.jpg 776w\" sizes=\"auto, (max-width: 300px) 100vw, 300px\" \/><\/a>Eine Gewitterfront zieht zur Zeit \u00fcber das Lauenburgische. Betroffen sind im S\u00fcdkreis besonders die Orte B\u00fcchen, G\u00fcster, M\u00fcssen und Woltersdorf.<\/p>\n<p><a href=\"https:\/\/www.ln-online.de\/Lokales\/Lauenburg\/Zu-viel-Regen-einige-Strassen-im-Suedkreis-gesperrt\" target=\"_blank\" rel=\"noopener noreferrer\">Hier geht es zum vollst\u00e4ndigen Artikel bei LN-Online<\/a><\/p>\n","protected":false},"excerpt":{"rendered":"<p>Eine Gewitterfront zieht zur Zeit \u00fcber das Lauenburgische. Betroffen sind im S\u00fcdkreis besonders die Orte B\u00fcchen, G\u00fcster, M\u00fcssen und Woltersdorf. Hier geht es zum vollst\u00e4ndigen Artikel bei LN-Online<\/p>\n","protected":false},"author":1,"featured_media":0,"comment_status":"closed","ping_status":"closed","sticky":false,"template":"","format":"standard","meta":{"ngg_post_thumbnail":0,"footnotes":""},"categories":[4],"tags":[],"class_list":["post-1416","post","type-post","status-publish","format-standard","hentry","category-aktuelles"],"_links":{"self":[{"href":"https:\/\/feuerwehr-muessen.de\/index.php\/wp-json\/wp\/v2\/posts\/1416","targetHints":{"allow":["GET"]}}],"collection":[{"href":"https:\/\/feuerwehr-muessen.de\/index.php\/wp-json\/wp\/v2\/posts"}],"about":[{"href":"https:\/\/feuerwehr-muessen.de\/index.php\/wp-json\/wp\/v2\/types\/post"}],"author":[{"embeddable":true,"href":"https:\/\/feuerwehr-muessen.de\/index.php\/wp-json\/wp\/v2\/users\/1"}],"replies":[{"embeddable":true,"href":"https:\/\/feuerwehr-muessen.de\/index.php\/wp-json\/wp\/v2\/comments?post=1416"}],"version-history":[{"count":3,"href":"https:\/\/feuerwehr-muessen.de\/index.php\/wp-json\/wp\/v2\/posts\/1416\/revisions"}],"predecessor-version":[{"id":1420,"href":"https:\/\/feuerwehr-muessen.de\/index.php\/wp-json\/wp\/v2\/posts\/1416\/revisions\/1420"}],"wp:attachment":[{"href":"https:\/\/feuerwehr-muessen.de\/index.php\/wp-json\/wp\/v2\/media?parent=1416"}],"wp:term":[{"taxonomy":"category","embeddable":true,"href":"https:\/\/feuerwehr-muessen.de\/index.php\/wp-json\/wp\/v2\/categories?post=1416"},{"taxonomy":"post_tag","embeddable":true,"href":"https:\/\/feuerwehr-muessen.de\/index.php\/wp-json\/wp\/v2\/tags?post=1416"}],"curies":[{"name":"wp","href":"https:\/\/api.w.org\/{rel}","templated":true}]}}