{"id":1358,"date":"2019-05-02T12:05:33","date_gmt":"2019-05-02T10:05:33","guid":{"rendered":"https:\/\/feuerwehr-muessen.de\/?p=1358"},"modified":"2019-05-02T12:19:30","modified_gmt":"2019-05-02T10:19:30","slug":"1358","status":"publish","type":"post","link":"https:\/\/feuerwehr-muessen.de\/index.php\/2019\/05\/02\/1358\/","title":{"rendered":"Vereidigung des Wehrf\u00fchrers"},"content":{"rendered":"<p><a href=\"https:\/\/feuerwehr-muessen.de\/wp-content\/uploads\/2019\/05\/IMG_2520.jpg\"><img loading=\"lazy\" decoding=\"async\" class=\"alignleft wp-image-1359\" src=\"https:\/\/feuerwehr-muessen.de\/wp-content\/uploads\/2019\/05\/IMG_2520-338x450.jpg\" alt=\"\" height=\"400\" width=\"300\" srcset=\"https:\/\/feuerwehr-muessen.de\/wp-content\/uploads\/2019\/05\/IMG_2520-338x450.jpg 338w, https:\/\/feuerwehr-muessen.de\/wp-content\/uploads\/2019\/05\/IMG_2520.jpg 667w\" sizes=\"auto, (max-width: 300px) 100vw, 300px\" \/><\/a>Am 04.04.2019 pr\u00e4sentierte und begleitete Sylvia Paulsen voller Stolz ihren Mann Ingwer Paulsen, den frisch wiedergew\u00e4hlten Wehrf\u00fchrer der FF M\u00fcssen, zur Gemeindevertretersitzung.<\/p>\n<p>&nbsp;<\/p>\n<p>&nbsp;<\/p>\n<p>&nbsp;<\/p>\n<p>&nbsp;<\/p>\n<p>&nbsp;<\/p>\n<p>&nbsp;<\/p>\n<p><!--more--><br \/>\nHier wurde Ingwer Paulsen als Wehrf\u00fchrer vom B\u00fcrgermeister Detlef Dehr w\u00e4hrend der Gemeinderatssitzung vereidigt.<\/p>\n<div class=\"ub-clear\">&nbsp;<\/div>\n<div style=\"height: 40px;\">&nbsp;<\/div>\n<div class=\"su-row\">\n<div class=\"su-column su-column-size-1-2\"><div class=\"su-column-inner su-u-clearfix su-u-trim\">\n<a href=\"https:\/\/feuerwehr-muessen.de\/wp-content\/uploads\/2019\/05\/IMG_2521.jpg\"><img loading=\"lazy\" decoding=\"async\" class=\"aligncenter size-medium wp-image-1360\" src=\"https:\/\/feuerwehr-muessen.de\/wp-content\/uploads\/2019\/05\/IMG_2521-338x450.jpg\" alt=\"\" height=\"450\" width=\"338\" srcset=\"https:\/\/feuerwehr-muessen.de\/wp-content\/uploads\/2019\/05\/IMG_2521-338x450.jpg 338w, https:\/\/feuerwehr-muessen.de\/wp-content\/uploads\/2019\/05\/IMG_2521.jpg 667w\" sizes=\"auto, (max-width: 338px) 100vw, 338px\" \/><\/a><br \/>\n<\/div><\/div>\n<div class=\"su-column su-column-size-1-2\"><div class=\"su-column-inner su-u-clearfix su-u-trim\">\n<a href=\"https:\/\/feuerwehr-muessen.de\/wp-content\/uploads\/2019\/05\/IMG_2544_LI.jpg\"><img loading=\"lazy\" decoding=\"async\" class=\"aligncenter size-medium wp-image-1361\" src=\"https:\/\/feuerwehr-muessen.de\/wp-content\/uploads\/2019\/05\/IMG_2544_LI-338x450.jpg\" alt=\"\" height=\"450\" width=\"338\" srcset=\"https:\/\/feuerwehr-muessen.de\/wp-content\/uploads\/2019\/05\/IMG_2544_LI-338x450.jpg 338w, https:\/\/feuerwehr-muessen.de\/wp-content\/uploads\/2019\/05\/IMG_2544_LI.jpg 667w\" sizes=\"auto, (max-width: 338px) 100vw, 338px\" \/><\/a><br \/>\n<\/div><\/div>\n<\/div>\n<div class=\"ub-clear\">&nbsp;<\/div>\n<div class=\"ub-spacer\">&nbsp;<\/div>\n<p>&nbsp;<\/p>\n<p>&nbsp;<\/p>\n","protected":false},"excerpt":{"rendered":"<p>Am 04.04.2019 pr\u00e4sentierte und begleitete Sylvia Paulsen voller Stolz ihren Mann Ingwer Paulsen, den frisch wiedergew\u00e4hlten Wehrf\u00fchrer der FF M\u00fcssen, zur Gemeindevertretersitzung. &nbsp; &nbsp; &nbsp; &nbsp; &nbsp; &nbsp;<\/p>\n","protected":false},"author":1,"featured_media":0,"comment_status":"closed","ping_status":"closed","sticky":false,"template":"","format":"standard","meta":{"ngg_post_thumbnail":0,"footnotes":""},"categories":[4],"tags":[],"class_list":["post-1358","post","type-post","status-publish","format-standard","hentry","category-aktuelles"],"_links":{"self":[{"href":"https:\/\/feuerwehr-muessen.de\/index.php\/wp-json\/wp\/v2\/posts\/1358","targetHints":{"allow":["GET"]}}],"collection":[{"href":"https:\/\/feuerwehr-muessen.de\/index.php\/wp-json\/wp\/v2\/posts"}],"about":[{"href":"https:\/\/feuerwehr-muessen.de\/index.php\/wp-json\/wp\/v2\/types\/post"}],"author":[{"embeddable":true,"href":"https:\/\/feuerwehr-muessen.de\/index.php\/wp-json\/wp\/v2\/users\/1"}],"replies":[{"embeddable":true,"href":"https:\/\/feuerwehr-muessen.de\/index.php\/wp-json\/wp\/v2\/comments?post=1358"}],"version-history":[{"count":6,"href":"https:\/\/feuerwehr-muessen.de\/index.php\/wp-json\/wp\/v2\/posts\/1358\/revisions"}],"predecessor-version":[{"id":1375,"href":"https:\/\/feuerwehr-muessen.de\/index.php\/wp-json\/wp\/v2\/posts\/1358\/revisions\/1375"}],"wp:attachment":[{"href":"https:\/\/feuerwehr-muessen.de\/index.php\/wp-json\/wp\/v2\/media?parent=1358"}],"wp:term":[{"taxonomy":"category","embeddable":true,"href":"https:\/\/feuerwehr-muessen.de\/index.php\/wp-json\/wp\/v2\/categories?post=1358"},{"taxonomy":"post_tag","embeddable":true,"href":"https:\/\/feuerwehr-muessen.de\/index.php\/wp-json\/wp\/v2\/tags?post=1358"}],"curies":[{"name":"wp","href":"https:\/\/api.w.org\/{rel}","templated":true}]}}