{"id":1256,"date":"2019-01-11T11:19:17","date_gmt":"2019-01-11T10:19:17","guid":{"rendered":"https:\/\/feuerwehr-muessen.de\/?p=1256"},"modified":"2019-01-11T11:33:27","modified_gmt":"2019-01-11T10:33:27","slug":"be-ba","status":"publish","type":"post","link":"https:\/\/feuerwehr-muessen.de\/index.php\/2019\/01\/11\/be-ba\/","title":{"rendered":"BE\/BA"},"content":{"rendered":"<p>14.12.2018 20:20<br \/>\n&#8222;Wir waren am Mittwoch, den 5.12.2018, bei der Feuerwehr und haben uns die Feuerwehrautos angeguckt&#8220; von Nikita, Kl. 3b<\/p>\n<p><!--more--><\/p>\n<p>&#8222;Im Klassenraum haben Herr Heymann und Lennardt Juhl uns die Atemschutzausr\u00fcstung gezeigt. Das alles war sehr spannend.&#8220; von Josi, Kl. 3b<\/p>\n<div style=\"height: 20px;\">&nbsp;<\/div>\n<p><img decoding=\"async\" class=\"aligncenter\" src=\"https:\/\/grundschule-muessen.lernnetz.de\/files\/Grundschule_muessen\/18-19-Fotos\/18-Feuerwehr\/18-Feuerwehr2.jpg\" alt=\"\" width=\"550\"><\/p>\n<p>&#8222;Mir hat es gut gefallen, dass wir zu der Feuerwehr gegangen sind. Interessant fand ich, als Herr Heymann uns die Feuerwehr gezeigt hat und als ich den Wasserschlauch hochheben durfte.&#8220; von Zo\u00e9, Kl. 3b<\/p>\n<p>Er hatte die Puppe Max mit dabei. Wir durften die Atemschutzmasken anfassen.&#8220; von Pepe, Kl. 3b<\/p>\n<div style=\"height: 20px;\">&nbsp;<\/div>\n<p><img decoding=\"async\" class=\"aligncenter\" src=\"https:\/\/grundschule-muessen.lernnetz.de\/files\/Grundschule_muessen\/18-19-Fotos\/18-Feuerwehr\/18-Feuerwehr3.jpg\" alt=\"\" width=\"550\"><br \/>\n&#8222;Wir waren bei der Feuerwehr M\u00fcssen. Da waren zwei Feuerwehrm\u00e4nner, die uns fast alles gezeigt haben. Das war toll.&#8220; von Jim, Kl. 3b<\/p>\n<p>Man hat uns die zwei gro\u00dfen Feuerwehrautos gezeigt. Danach haben wir uns den Umkleideraum angesehen. Dort war es sehr warm, weil es dort eine Fu\u00dfbodenheizung gibt. Herr Heymann hat uns dann die Feuerwehrausr\u00fcstung erkl\u00e4rt.&#8220; von Josi, Kl. 3b<\/p>\n<div style=\"height: 20px;\">&nbsp;<\/div>\n<p><img decoding=\"async\" class=\"aligncenter\" src=\"https:\/\/grundschule-muessen.lernnetz.de\/files\/Grundschule_muessen\/18-19-Fotos\/18-Feuerwehr\/18-Feuerwehr5.jpg\" alt=\"\" width=\"550\"><br \/>\n&#8222;Die Freiwillige Feuerwehr in M\u00fcssen hat zwei gro\u00dfe Autos. Die Feuerwehr hat 43 Feuerwehrm\u00e4nner. Die Feuerwehr ruft man, wenn es brennt. Sie rettet Menschen und Tiere in Not.&#8220; von Mila, Kl. 3b<\/p>\n<div style=\"height: 20px;\">&nbsp;<\/div>\n<p><img decoding=\"async\" class=\"aligncenter\" src=\"https:\/\/grundschule-muessen.lernnetz.de\/files\/Grundschule_muessen\/18-19-Fotos\/18-Feuerwehr\/18-Feuerwehr4.jpg\" alt=\"\" width=\"550\"><br \/>\n&#8222;Ich fand es toll, das so viel erkl\u00e4rt wurde . Das Feuerwehrauto ist voll gro\u00df und die ganzen Sache, die in den Autos drinnen sind.<\/p>\n<p>&#8222;Wir waren bei der Feuerwehr. Ich durfte mit einem \u00dcbungstelefon bei Herrn Heymann anrufen. Die Nummer war 112.&#8220; von Lukas, Kl. 3b<\/p>\n<div style=\"height: 20px;\">&nbsp;<\/div>\n<p><img decoding=\"async\" class=\"aligncenter\" src=\"https:\/\/grundschule-muessen.lernnetz.de\/files\/Grundschule_muessen\/18-19-Fotos\/18-Feuerwehr\/18-Feuerwehr7.jpg\" alt=\"\" width=\"550\"><\/p>\n","protected":false},"excerpt":{"rendered":"<p>14.12.2018 20:20 &#8222;Wir waren am Mittwoch, den 5.12.2018, bei der Feuerwehr und haben uns die Feuerwehrautos angeguckt&#8220; von Nikita, Kl. 3b<\/p>\n","protected":false},"author":1,"featured_media":0,"comment_status":"closed","ping_status":"closed","sticky":false,"template":"","format":"standard","meta":{"ngg_post_thumbnail":0,"footnotes":""},"categories":[4],"tags":[],"class_list":["post-1256","post","type-post","status-publish","format-standard","hentry","category-aktuelles"],"_links":{"self":[{"href":"https:\/\/feuerwehr-muessen.de\/index.php\/wp-json\/wp\/v2\/posts\/1256","targetHints":{"allow":["GET"]}}],"collection":[{"href":"https:\/\/feuerwehr-muessen.de\/index.php\/wp-json\/wp\/v2\/posts"}],"about":[{"href":"https:\/\/feuerwehr-muessen.de\/index.php\/wp-json\/wp\/v2\/types\/post"}],"author":[{"embeddable":true,"href":"https:\/\/feuerwehr-muessen.de\/index.php\/wp-json\/wp\/v2\/users\/1"}],"replies":[{"embeddable":true,"href":"https:\/\/feuerwehr-muessen.de\/index.php\/wp-json\/wp\/v2\/comments?post=1256"}],"version-history":[{"count":3,"href":"https:\/\/feuerwehr-muessen.de\/index.php\/wp-json\/wp\/v2\/posts\/1256\/revisions"}],"predecessor-version":[{"id":1259,"href":"https:\/\/feuerwehr-muessen.de\/index.php\/wp-json\/wp\/v2\/posts\/1256\/revisions\/1259"}],"wp:attachment":[{"href":"https:\/\/feuerwehr-muessen.de\/index.php\/wp-json\/wp\/v2\/media?parent=1256"}],"wp:term":[{"taxonomy":"category","embeddable":true,"href":"https:\/\/feuerwehr-muessen.de\/index.php\/wp-json\/wp\/v2\/categories?post=1256"},{"taxonomy":"post_tag","embeddable":true,"href":"https:\/\/feuerwehr-muessen.de\/index.php\/wp-json\/wp\/v2\/tags?post=1256"}],"curies":[{"name":"wp","href":"https:\/\/api.w.org\/{rel}","templated":true}]}}